{"id":5856,"date":"2020-10-27T09:39:10","date_gmt":"2020-10-27T12:39:10","guid":{"rendered":"http:\/\/www.obispadorqta.org.ar\/v3\/?p=5856"},"modified":"2020-10-27T10:05:11","modified_gmt":"2020-10-27T13:05:11","slug":"santificacion-del-pueblo-argentino-y-la-glorificacion-de-sus-siervos","status":"publish","type":"post","link":"https:\/\/www.obispadorqta.org.ar\/v3\/santificacion-del-pueblo-argentino-y-la-glorificacion-de-sus-siervos\/","title":{"rendered":"SANTIFICACI\u00d3N DEL PUEBLO ARGENTINO Y LA GLORIFICACI\u00d3N DE SUS SIERVOS"},"content":{"rendered":"<p style=\"text-align: justify;\">Este 1\u00ba de noviembre, Solemnidad de Todos los Santos, la Iglesia cat\u00f3lica en la Argentina celebra la 24\u00ba Jornada de Oraci\u00f3n por la santificaci\u00f3n del pueblo argentino y la glorificaci\u00f3n de sus siervos de Dios, y nos invita a orar juntos por la santidad de todos.<\/p>\n<p style=\"text-align: justify;\">Esta celebraci\u00f3n convoca a todos sus hijos y a cuantos quieran unirse, a elevar una oraci\u00f3n confiada para que Dios siga santificando a su pueblo con frutos abundantes de gracia, que hagan m\u00e1s respetuosa, justa y fraterna la convivencia de todos los argentinos.<\/p>\n<p style=\"text-align: justify;\">A lo largo del camino de la vida, con sus pruebas y dificultades, nos alienta el ejemplo de los santos y beatos, como as\u00ed tambi\u00e9n de muchas otras figuras ejemplares, cuyas causas de canonizaci\u00f3n se siguen tramitando en la Argentina y en Roma. Por su pronta glorificaci\u00f3n oramos tambi\u00e9n en esta ocasi\u00f3n, para bien de la Iglesia y del mundo.<\/p>\n<hr \/>\n<p><strong>TRIDUO EN PREPARACI\u00d3N AL D\u00cdA DE TODOS LOS SANTOS,<\/strong><br \/><strong>24\u00ba JORNADA DE ORACI\u00d2N<\/strong><br \/><strong>POR LA SANTIFICACI\u00d3N DEL PUEBLO ARGENTINO Y LA GLORIFICACI\u00d3N DE SUS SIERVOS<\/strong><br \/><strong>29-30 Y 31 DE OCTUBRE<\/strong><br \/><strong>&#8211; A\u00d1O MARIANO NACIONAL 2020-<\/strong><\/p>\n<p style=\"text-align: center;\"><span style=\"color: #800000;\"><strong>Oraci\u00f3n para comenzar cada d\u00eda<\/strong><\/span><br \/>Se\u00f1or, en Ti creemos. Aum\u00e9ntanos la fe<br \/>para que podamos vivir siempre conforme al Evangelio.<br \/>Se\u00f1or, por el Bautismo nos llamaste a ser santos,<br \/>danos la gracia de la docilidad para poder responder a nuestra com\u00fan vocaci\u00f3n.<br \/>Te pedimos tambi\u00e9n, por aquellos hombres y mujeres, amigos tuyos,<br \/>que en nuestra tierra han dado frutos evang\u00e9licos siendo testigos de la fe.<br \/>Completa en ellos tu obra, glorific\u00e1ndolos con la corona de los santos.<br \/>Por Jesucristo, nuestro Se\u00f1or. Am\u00e9n.<\/p>\n<hr \/>\n<p style=\"text-align: justify;\"><strong><span style=\"color: #800000;\">PRIMER D\u00cdA: \u201cDIOS NOS LLAMA A LA SANTIDAD\u201d<\/span><\/strong><br \/><span style=\"color: #000000;\"><strong>Lectura b\u00edblica:<\/strong> Juan 15, 14-16: \u201cUstedes no me eligieron a m\u00ed, he sido yo quien los eligi\u00f3 a ustedes\u201d<\/span><\/p>\n<p style=\"text-align: justify;\"><span style=\"color: #000000;\"><span style=\"color: #800000;\"><strong>REFLEXI\u00d3N:<\/strong> <\/span>\u00abAlegraos y regocijaos\u00bb (Mt 5,12), dice Jes\u00fas a los que son perseguidos o humillados por su causa. Es verdad, ante el llamado y la elecci\u00f3n de Dios, se nos pide todo para darnos Todo, para darnos la verdadera Vida, la felicidad para la cual fuimos creados. \u00c9l nos quiere d\u00f3ciles y confiados en su Misericordia y Fidelidad infinita. Pidamos que nos regale el deseo de buscar con perseverancia y valent\u00eda la voluntad de Dios, viviendo con radicalidad nuestro llamado, como lo hizo Abraham ante la propuesta del Se\u00f1or: \u00abCamina en mi presencia y s\u00e9 perfecto\u00bb (Gn 17,1).<\/span><\/p>\n<p style=\"text-align: justify;\"><em><span style=\"color: #000000;\">Rezamos un Padre Nuestro, Ave Mar\u00eda y Gloria.<\/span><\/em><\/p>\n<p style=\"text-align: justify;\"><span style=\"color: #000000;\"><strong>Jaculatoria:<\/strong> \u201cSe\u00f1or, aumenta en nosotros el deseo de ser santos como T\u00fa eres Santo\u201d<\/span><\/p>\n<p style=\"text-align: justify;\"><em><span style=\"color: #000000;\">Rezamos la Oraci\u00f3n final a Mar\u00eda y las letan\u00edas de los Santos y Beatos argentinos<\/span><\/em><\/p>\n<p style=\"text-align: justify;\"><span style=\"color: #800000;\"><strong>SEGUNDO D\u00cdA: \u201cEXIGENCIAS DE UNA VIDA SANTA\u201d<\/strong><\/span><br \/><span style=\"color: #000000;\"><strong>Lectura b\u00edblica:<\/strong> Juan 14, 4-7: Jes\u00fas dijo \u201cYo soy el camino, la verdad y la vida\u201d.<\/span><\/p>\n<p style=\"text-align: justify;\"><span style=\"color: #000000;\"><span style=\"color: #800000;\"><strong>REFLEXI\u00d3N:<\/strong><\/span> Nuestro Padre Dios, nos eligi\u00f3 desde antes de la fundaci\u00f3n del mundo \u201cpara ser santos e inmaculados en su presencia, por el amor\u201d (Ef 1,4) \u00c9l envi\u00f3 a su Hijo \u00danico por nuestra salvaci\u00f3n y redenci\u00f3n, se hizo Camino para que lo transitemos, Verdad para creerle y anunciarlo, y Vida para gozar del amor de Dios en nosotros y darlo a los dem\u00e1s\u2026 no temamos seguir a Jes\u00fas, pues aunque el camino es arduo y est\u00e9 repleto de contrariedades, nos basta su gracia para animarnos con confianza y alegr\u00eda a seguir eligiendo el camino que nos lleva a la verdadera felicidad.<\/span><\/p>\n<p style=\"text-align: justify;\"><em><span style=\"color: #000000;\">Rezamos un Padre Nuestro, Ave Mar\u00eda y Gloria.<\/span><\/em><\/p>\n<p style=\"text-align: justify;\"><span style=\"color: #000000;\"><strong>Jaculatoria:<\/strong> \u201cSe\u00f1or, aumenta en nosotros el deseo de ser santos como T\u00fa eres Santo\u201d.<\/span><\/p>\n<p style=\"text-align: justify;\"><em><span style=\"color: #000000;\">Rezamos la oraci\u00f3n final a Mar\u00eda y las letan\u00edas de los Santos y Beatos argentinos.<\/span><\/em><\/p>\n<p style=\"text-align: justify;\"><strong><span style=\"color: #800000;\">TERCER D\u00cdA: \u201cLA CARIDAD: RA\u00ccZ DE LA SANTIDAD\u201d<\/span><\/strong><br \/><span style=\"color: #000000;\"><strong>Lectura b\u00edblica:<\/strong> 1 Cor 13, \u201c\u2026Aunque hablara las lenguas de los hombres y de los \u00e1ngeles, si no tengo caridad, soy como bronce que suena o c\u00edmbalo que reti\u00f1e. \u2026. La caridad es paciente, es servicial; se alegra con la verdad. Todo lo excusa. Todo lo cree. Todo lo espera. Todo lo soporta\u201d.<\/span><\/p>\n<p style=\"text-align: justify;\"><span style=\"color: #000000;\"><strong>REFLEXI\u00d3N:<\/strong> El camino de santidad es \u00fanico y personal, seg\u00fan la vocaci\u00f3n con la que fuimos creados, los dones que Dios nos ha dado y la Gracia particular de cada d\u00eda. Pero lo com\u00fan a todos, es el llamado a buscar siempre la Caridad en todo lo que hacemos, emprendemos y vivimos\u2026 sin la Caridad, nuestras acciones, obras, pensamientos, por m\u00e1s buenos que parezcan no dar\u00e1n frutos. Pidamos la gracia que m\u00e1s necesitamos para que ante todo, nuestra vida sea un reflejo de la Santidad de Dios, porque Dios es Caridad.<\/span><\/p>\n<p style=\"text-align: justify;\"><em><span style=\"color: #000000;\">Rezamos un Padre Nuestro, Ave Mar\u00eda y Gloria.<\/span><\/em><\/p>\n<p style=\"text-align: justify;\"><span style=\"color: #000000;\"><strong>Jaculatoria:<\/strong> \u201cSe\u00f1or, aumenta en nosotros el deseo de ser santos como T\u00fa eres Santo\u201d.<\/span><\/p>\n<p style=\"text-align: justify;\"><em><span style=\"color: #000000;\">Rezamos la oraci\u00f3n final a Mar\u00eda y las letan\u00edas de los Santos y Beatos argentinos.<\/span><\/em><\/p>\n<hr \/>\n<p style=\"text-align: center;\"><span style=\"color: #800000;\"><strong>Oraci\u00f3n a Mar\u00eda para finalizar el d\u00eda:<\/strong><\/span><br \/>Virgen Mar\u00eda, Se\u00f1ora nuestra y Reina de todos los Santos, \u00a1Modelo de santidad!<br \/>T\u00fa que disfrutas la alegr\u00eda de todos los Santos,<br \/>quienes lavaron sus vestidos en la Sangre del Cordero.<br \/>T\u00fa, que eres la primera en ser salvada, la toda Santa, la Inmaculada;<br \/>ay\u00fadanos a vencer nuestra mediocridad,<br \/>llena nuestro coraz\u00f3n con el deseo y el prop\u00f3sito de la perfecci\u00f3n.<br \/>Suscita en la Iglesia, para bien de los hombres de hoy,<br \/>una nueva primavera de santidad.<br \/>Se\u00f1or, d\u00edgnate glorificar a los Siervos tuyos que,<br \/>por el ejemplo de sus vidas y valiosa intercesi\u00f3n,<br \/>nos puedan estimular y ayudar a perseverar,<br \/>con \u00e1nimo constantemente renovado, en nuestro camino de Santidad.<br \/>Por Jesucristo, nuestro Se\u00f1or. Am\u00e9n.<\/p>\n<p style=\"text-align: center;\"><strong><span style=\"color: #800000;\">Letan\u00edas de los Santos y Beatos argentinos<\/span><\/strong><br \/>Se\u00f1or, ten piedad, Se\u00f1or, ten piedad.<br \/>Cristo, ten piedad, Cristo, ten piedad.<br \/>Se\u00f1or, ten piedad, Se\u00f1or, ten piedad.<br \/>Cristo \u00f3yenos, Cristo \u00f3yenos.<br \/>Cristo esc\u00fachanos, Cristo esc\u00fachanos.<br \/>Dios Padre celestial, Ten piedad de nosotros.<br \/>Dios Hijo Redentor del mundo, Ten piedad de nosotros.<br \/>Dios, Esp\u00edritu Santo, Ten piedad de nosotros.<br \/>Santa Trinidad, un solo Dios, Ten piedad de nosotros.<br \/>Santa Mar\u00eda, Reina de los Santos, ruega por nosotros<br \/>Santa Madre de Dios, ruega por nosotros<br \/>San Jos\u00e9 Gabriel del Rosario Brochero, ruega por nosotros<br \/>San H\u00e9ctor Valdivieso S\u00e1ez, ruega por nosotros<br \/>Santa Nazaria Ignacia March Mesa, ruega por nosotros<br \/>Beata Mar\u00eda del Tr\u00e1nsito Cabanillas, ruega por nosotros<br \/>Beata Mar\u00eda Ludovica de Angelis, ruega por nosotros<br \/>Beata Mar\u00eda Antonia de Paz y Figueroa, ruega por nosotros<br \/>Beato Gregorio Martos Mu\u00f1oz, ruega por nosotros<br \/>Beato Ceferino Namuncur\u00e1, ruega por nosotros<br \/>Beata Mar\u00eda Crescencia P\u00e8rez, ruega por nosotros<br \/>Beata Laura Vicu\u00f1a, ruega por nosotros<br \/>Beato Art\u00e9mides Zatti, ruega por nosotros<br \/>Beata Catalina de Mar\u00eda Rodr\u00edguez, ruega por nosotros<br \/>Beato. Enrique Angelelli, ruega por nosotros<br \/>Beato Wenceslao Pedernera, ruega por nosotros<br \/>Beato Gabriel Longueville, ruega por nosotros<br \/>Beato Carlos de Dios Mur\u00edas, ruega por nosotros<\/p>\n<p style=\"text-align: center;\">&#8211; Cordero de Dios que quitas el pecado del mundo, perd\u00f3nanos Se\u00f1or<br \/>&#8211; Cordero de Dios que quitas el pecado del mundo, Esc\u00fachanos Se\u00f1or.<br \/>&#8211; Cordero de Dios que quitas el pecado del mundo, Ten piedad de nosotros.<\/p>\n<p style=\"text-align: justify;\"><strong><span style=\"color: #800000;\">OREMOS:<\/span><\/strong> Padre del Cielo, T\u00fa sabes que sin tu ayuda no somos nada y nada bueno podemos realizar, pero, confiando en los m\u00e9ritos de tu Hijo Jes\u00fas y de los santos, te rogamos que nos asistas con tu gracia y nos hagas dignos de servirte con santidad en tu iglesia, para alcanzar el reino celestial que nos has preparado desde la fundaci\u00f3n del mundo. Te lo pedimos por Jes\u00fas, tu Hijo y nuestro Se\u00f1or. Am\u00e9n.<\/p>\n\n\n<div class=\"wp-block-file\"><a href=\"https:\/\/www.obispadorqta.org.ar\/v3\/wp-content\/uploads\/2020\/10\/Santos-Beatos-Causas-Argentinas-Octubre-2020.pdf\">Santos-Beatos-Causas-Argentinas-Octubre-2020<\/a><a href=\"https:\/\/www.obispadorqta.org.ar\/v3\/wp-content\/uploads\/2020\/10\/Santos-Beatos-Causas-Argentinas-Octubre-2020.pdf\" class=\"wp-block-file__button\" download>Descarga<\/a><\/div>\n","protected":false},"excerpt":{"rendered":"<div class=\"mh-excerpt\"><p>Este 1\u00ba de noviembre, Solemnidad de Todos los Santos, la Iglesia cat\u00f3lica en la Argentina celebra la 24\u00ba Jornada de Oraci\u00f3n por la santificaci\u00f3n del <a class=\"mh-excerpt-more\" href=\"https:\/\/www.obispadorqta.org.ar\/v3\/santificacion-del-pueblo-argentino-y-la-glorificacion-de-sus-siervos\/\" title=\"SANTIFICACI\u00d3N DEL PUEBLO ARGENTINO Y LA GLORIFICACI\u00d3N DE SUS SIERVOS\">[&#8230;]<\/a><\/p>\n<\/div>","protected":false},"author":3,"featured_media":5857,"comment_status":"closed","ping_status":"open","sticky":false,"template":"","format":"standard","meta":{"footnotes":""},"categories":[6,28],"tags":[],"class_list":["post-5856","post","type-post","status-publish","format-standard","has-post-thumbnail","hentry","category-news","category-latest-news"],"_links":{"self":[{"href":"https:\/\/www.obispadorqta.org.ar\/v3\/wp-json\/wp\/v2\/posts\/5856","targetHints":{"allow":["GET"]}}],"collection":[{"href":"https:\/\/www.obispadorqta.org.ar\/v3\/wp-json\/wp\/v2\/posts"}],"about":[{"href":"https:\/\/www.obispadorqta.org.ar\/v3\/wp-json\/wp\/v2\/types\/post"}],"author":[{"embeddable":true,"href":"https:\/\/www.obispadorqta.org.ar\/v3\/wp-json\/wp\/v2\/users\/3"}],"replies":[{"embeddable":true,"href":"https:\/\/www.obispadorqta.org.ar\/v3\/wp-json\/wp\/v2\/comments?post=5856"}],"version-history":[{"count":4,"href":"https:\/\/www.obispadorqta.org.ar\/v3\/wp-json\/wp\/v2\/posts\/5856\/revisions"}],"predecessor-version":[{"id":5862,"href":"https:\/\/www.obispadorqta.org.ar\/v3\/wp-json\/wp\/v2\/posts\/5856\/revisions\/5862"}],"wp:featuredmedia":[{"embeddable":true,"href":"https:\/\/www.obispadorqta.org.ar\/v3\/wp-json\/wp\/v2\/media\/5857"}],"wp:attachment":[{"href":"https:\/\/www.obispadorqta.org.ar\/v3\/wp-json\/wp\/v2\/media?parent=5856"}],"wp:term":[{"taxonomy":"category","embeddable":true,"href":"https:\/\/www.obispadorqta.org.ar\/v3\/wp-json\/wp\/v2\/categories?post=5856"},{"taxonomy":"post_tag","embeddable":true,"href":"https:\/\/www.obispadorqta.org.ar\/v3\/wp-json\/wp\/v2\/tags?post=5856"}],"curies":[{"name":"wp","href":"https:\/\/api.w.org\/{rel}","templated":true}]}}