{"id":6085,"date":"2021-02-10T11:20:42","date_gmt":"2021-02-10T14:20:42","guid":{"rendered":"http:\/\/www.obispadorqta.org.ar\/v3\/?p=6085"},"modified":"2021-02-10T11:20:53","modified_gmt":"2021-02-10T14:20:53","slug":"indulgencias-especiales-con-ocasion-del-ano-de-san-jose","status":"publish","type":"post","link":"https:\/\/www.obispadorqta.org.ar\/v3\/indulgencias-especiales-con-ocasion-del-ano-de-san-jose\/","title":{"rendered":"Indulgencias especiales con ocasi\u00f3n del A\u00f1o de San Jos\u00e9"},"content":{"rendered":"<p style=\"text-align: justify;\">Cercanos al comienzo de la Cuaresma, compartimos a continuaci\u00f3n el decreto de la Penitenciar\u00eda Apost\u00f3lica, en el cu\u00e1l se detalla como acceder a las Indulgencias del A\u00f1o de San Jos\u00e9.<\/p>\n<p style=\"text-align: center;\"><strong>DECRETO<\/strong><\/p>\n<p style=\"text-align: justify;\"><strong>Se concede el don de indulgencias especiales con ocasi\u00f3n del A\u00f1o de San Jos\u00e9, convocado por el Papa Francisco para celebrar el 150 aniversario de la proclamaci\u00f3n de San Jos\u00e9 como Patrono de la Iglesia universal<\/strong><\/p>\n<p style=\"text-align: justify;\">\n<p style=\"text-align: justify;\">Se concede el don de indulgencias especiales con ocasi\u00f3n del A\u00f1o de San Jos\u00e9, convocado por el Papa Francisco para celebrar el 150 aniversario de la proclamaci\u00f3n de San Jos\u00e9 como patrono de la Iglesia universal.<\/p>\n<p style=\"text-align: justify;\">Hoy se cumple el 150 aniversario del decreto\u00a0<em>Quemadmodum Deus,<\/em>\u00a0por el cual el Beato P\u00edo IX, conmovido por las graves y luctuosas circunstancias en las que se encontraba una Iglesia acosada por la hostilidad de los hombres, declar\u00f3 a san Jos\u00e9 Patrono de la Iglesia Cat\u00f3lica.<\/p>\n<p style=\"text-align: justify;\">Para perpetuar la dedicaci\u00f3n de toda la Iglesia al poderoso patrocinio del Custodio de Jes\u00fas, el Papa Francisco ha establecido que, desde hoy, el aniversario del decreto de proclamaci\u00f3n as\u00ed como el d\u00eda consagrado a la Virgen Inmaculada y esposa del casto Jos\u00e9, hasta el 8 de diciembre de 2021, se celebre un A\u00f1o especial de San Jos\u00e9, en el que cada fiel, siguiendo su ejemplo, pueda fortalecer diariamente su vida de fe en el pleno cumplimiento de la voluntad de Dios.<\/p>\n<p style=\"text-align: justify;\">Todos los fieles tendr\u00e1n as\u00ed la oportunidad de comprometerse, con oraciones y buenas obras, para obtener, con la ayuda de San Jos\u00e9, cabeza de la celestial Familia de Nazaret, consuelo y alivio de las graves tribulaciones humanas y sociales que afligen al mundo contempor\u00e1neo.<\/p>\n<p style=\"text-align: justify;\">La devoci\u00f3n al Custodio del Redentor se ha desarrollado ampliamente a lo largo de la historia de la Iglesia, que no s\u00f3lo le atribuye uno de los cultoa m\u00e1s altos despu\u00e9s del de la Madre de Dios su esposa, sino que tambi\u00e9n le ha otorgado muchos patrocinios.<\/p>\n<p style=\"text-align: justify;\">El Magisterio de la Iglesia sigue descubriendo grandezas antiguas y nuevas en este tesoro que es San Jos\u00e9, como el padre de Evangelio de Mateo \u00abque extrae de su tesoro cosas nuevas y viejas\u00bb (Mt 13, 52).<\/p>\n<p style=\"text-align: justify;\">De gran beneficio para la perfecta consecuci\u00f3n del fin que se persigue ser\u00e1 el don de las Indulgencias que la Penitenciar\u00eda Apost\u00f3lica, por medio del presente decreto emitido de acuerdo con la voluntad del Papa Francisco, concede ben\u00e9volamente durante el A\u00f1o de San Jos\u00e9.<\/p>\n<p style=\"text-align: justify;\">La indulgencia plenaria se concede en las condiciones habituales (confesi\u00f3n sacramental, comuni\u00f3n eucar\u00edstica y oraci\u00f3n seg\u00fan las intenciones del Santo Padre) a los fieles que, con esp\u00edritu desprendido de cualquier pecado, participen en el A\u00f1o de San Jos\u00e9 en las ocasiones y en el modo indicado por esta Penitenciar\u00eda Apost\u00f3lica.<\/p>\n<p style=\"text-align: justify;\">\u2014 a. San Jos\u00e9, aut\u00e9ntico hombre de fe, nos invita a redescubrir nuestra relaci\u00f3n filial con el Padre, a renovar nuestra fidelidad a la oraci\u00f3n, a escuchar y responder con profundo discernimiento a la voluntad de Dios. La Indulgencia plenaria se concede a aquellos que mediten durante al menos 30 minutos en el rezo del Padre Nuestro, o que participen en un retiro espiritual de al menos un d\u00eda que incluya una meditaci\u00f3n sobre San Jos\u00e9;<\/p>\n<p style=\"text-align: justify;\">\u2014 b. El Evangelio atribuye a San Jos\u00e9 el t\u00edtulo de \u00abhombre justo\u00bb (cf. Mt 1,19): \u00e9l, guardi\u00e1n del \u00ab\u00edntimo secreto que se halla en el fondo del coraz\u00f3n y del alma\u00bb<a name=\"_ednref1\"><\/a><a href=\"http:\/\/www.vatican.va\/roman_curia\/tribunals\/apost_penit\/documents\/rc_trib_appen_pro_20201208_decreto-indulgenze-sangiuseppe_sp.html#_edn1\">[1]<\/a>, depositario del misterio de Dios y, por tanto, patrono ideal del foro interior, nos impulsa a redescubrir el valor del silencio, de la prudencia y de la lealtad en el cumplimiento de nuestros deberes. La virtud de la justicia practicada de manera ejemplar por Jos\u00e9 es la plena adhesi\u00f3n a la ley divina, que es la ley de la misericordia, \u00abporque es precisamente la misericordia de Dios que lleva a cumplimiento la verdadera justicia\u00bb<a name=\"_ednref2\"><\/a><a href=\"http:\/\/www.vatican.va\/roman_curia\/tribunals\/apost_penit\/documents\/rc_trib_appen_pro_20201208_decreto-indulgenze-sangiuseppe_sp.html#_edn2\">[2]<\/a>. Por lo tanto, aquellos que, siguiendo el ejemplo de San Jos\u00e9, realicen una obra de misericordia corporal o espiritual, tambi\u00e9n podr\u00e1n lograr el don de la Indulgencia plenaria;<\/p>\n<p style=\"text-align: justify;\">\u2014 c. El aspecto principal de la vocaci\u00f3n de Jos\u00e9 fue ser custodio de la Sagrada Familia de Nazaret, esposo de la Sant\u00edsima Virgen Mar\u00eda y padre legal de Jes\u00fas. Para que todas las familias cristianas sean estimuladas a recrear el mismo clima de \u00edntima comuni\u00f3n, amor y oraci\u00f3n que se viv\u00eda en la Sagrada Familia, se concede la Indulgencia Plenaria por el rezo del Santo Rosario en las familias y entre los novios.<\/p>\n<p style=\"text-align: justify;\">\u2014 d. El 1 de mayo de 1955, el Siervo de Dios P\u00edo XII instituy\u00f3 la fiesta de San Jos\u00e9 obrero, \u00abcon la intenci\u00f3n de\u00a0<em>que todos reconozcan la dignidad del trabajo y que ella inspire la vida social y las leyes fundadas sobre la equitativa repartici\u00f3n de derechos y de deberes\u201d.<\/em><a name=\"_ednref3\"><\/a><a href=\"http:\/\/www.vatican.va\/roman_curia\/tribunals\/apost_penit\/documents\/rc_trib_appen_pro_20201208_decreto-indulgenze-sangiuseppe_sp.html#_edn3\">[3]<\/a>. Podr\u00e1, por lo tanto, conseguir la indulgencia plenaria todo aquel que conf\u00ede diariamente su trabajo a la protecci\u00f3n de San Jos\u00e9 y a todo creyente que invoque con sus oraciones la intercesi\u00f3n del obrero de Nazaret, para que los que buscan trabajo lo encuentren y el trabajo de todos sea m\u00e1s digno.<\/p>\n<p style=\"text-align: justify;\">\u2014 e. La huida de la Sagrada Familia a Egipto \u00abnos muestra Dios est\u00e1 all\u00ed donde el hombre est\u00e1 en peligro, all\u00ed donde el hombre sufre, all\u00ed donde huye, donde experimenta el rechazo y el abandono\u201d<a name=\"_ednref4\"><\/a><a href=\"http:\/\/www.vatican.va\/roman_curia\/tribunals\/apost_penit\/documents\/rc_trib_appen_pro_20201208_decreto-indulgenze-sangiuseppe_sp.html#_edn4\">[4]<\/a>. Se concede la indulgencia plenaria a los fieles que recen la letan\u00eda de San Jos\u00e9 (para la tradici\u00f3n latina), o el Akathistos a San Jos\u00e9, en su totalidad o al menos una parte de ella (para la tradici\u00f3n bizantina), o alguna otra oraci\u00f3n a San Jos\u00e9, propia de las otras tradiciones lit\u00fargicas, en favor de la Iglesia perseguida ad intra y ad extra y para el alivio de todos los cristianos que sufren toda forma de persecuci\u00f3n.<\/p>\n<p style=\"text-align: justify;\">Santa Teresa de \u00c1vila reconoci\u00f3 en San Jos\u00e9 al protector de todas las circunstancias de la vida: \u00abA otros parece les dio el Se\u00f1or gracia para socorrer en una necesidad; a este glorioso Santo tengo experiencia que socorre en todas\u00bb<a name=\"_ednref5\"><\/a><a href=\"http:\/\/www.vatican.va\/roman_curia\/tribunals\/apost_penit\/documents\/rc_trib_appen_pro_20201208_decreto-indulgenze-sangiuseppe_sp.html#_edn5\">[5]<\/a>. M\u00e1s recientemente, San Juan Pablo II reiter\u00f3 que la figura de San Jos\u00e9 adquiere \u00abuna renovada actualidad para la Iglesia de nuestro tiempo, en relaci\u00f3n con el nuevo milenio cristiano\u00bb<a name=\"_ednref6\"><\/a><a href=\"http:\/\/www.vatican.va\/roman_curia\/tribunals\/apost_penit\/documents\/rc_trib_appen_pro_20201208_decreto-indulgenze-sangiuseppe_sp.html#_edn6\">[6]<\/a>.<\/p>\n<p style=\"text-align: justify;\">Con el fin de reafirmar la universalidad del patrocinio de la Iglesia por parte de San Jos\u00e9, adem\u00e1s de las ocasiones mencionadas, la Penitenciar\u00eda Apost\u00f3lica concede una indulgencia plenaria a los fieles que recen cualquier oraci\u00f3n o acto de piedad leg\u00edtimamente aprobado en honor de San Jos\u00e9, por ejemplo \u00abA ti\u00bb, oh bienaventurado Jos\u00e9\u00bb, especialmente el 19 de marzo y el 1 de mayo, fiesta de la Sagrada Familia de Jes\u00fas, Mar\u00eda y Jos\u00e9, el domingo de San Jos\u00e9 (seg\u00fan la tradici\u00f3n bizantina), el 19 de cada mes y cada mi\u00e9rcoles, d\u00eda dedicado a la memoria del Santo seg\u00fan la tradici\u00f3n latina.<\/p>\n<p style=\"text-align: justify;\">En el actual contexto de emergencia sanitaria, el don de la indulgencia plenaria se extiende particularmente a los ancianos, los enfermos, los moribundos y todos aquellos que por razones leg\u00edtimas no pueden salir de su casa, los cuales, con el \u00e1nimo desprendido de cualquier pecado y con la intenci\u00f3n de cumplir, tan pronto como sea posible, las tres condiciones habituales, en su propia casa o dondequiera que el impedimento les retenga, recen un acto de piedad en honor de San Jos\u00e9, consuelo de los enfermos y patrono de la buena muerte, ofreciendo con confianza a Dios los dolores y las dificultades de su vida.<\/p>\n<p style=\"text-align: justify;\">Para que el logro de la gracia divina a trav\u00e9s del poder de las Llaves sea facilitado pastoralmente, esta Penitenciar\u00eda ruega encarecidamente que todos los sacerdotes con las facultades apropiadas se ofrezcan con un \u00e1nimo dispuesto y generoso a la celebraci\u00f3n del sacramento de la Penitencia y administren a menudo la Sagrada Comuni\u00f3n a los enfermos.<\/p>\n<p style=\"text-align: justify;\">Este decreto es v\u00e1lido para el A\u00f1o de San Jos\u00e9, no obstante cualquier disposici\u00f3n en contrario.<\/p>\n<p style=\"text-align: justify;\"><em>Dado en Roma, por la Sede de la Penitenciar\u00eda Apost\u00f3lica, el 8 de diciembre de 2020.<\/em><\/p>\n<p style=\"text-align: justify;\">\n<p style=\"text-align: right;\">Mauro Card. Piacenza<br \/>\n<em>Penitenciario Mayor<\/em><\/p>\n<p style=\"text-align: right;\">KrzysztofNykiel<br \/>\n<em>Regente<\/em><\/p>\n<p><a name=\"_edn1\"><\/a><a href=\"http:\/\/www.vatican.va\/roman_curia\/tribunals\/apost_penit\/documents\/rc_trib_appen_pro_20201208_decreto-indulgenze-sangiuseppe_sp.html#_ednref1\">[1]<\/a>\u00a0P\u00edo XI,\u00a0<em>Discurso con motivo de la proclamaci\u00f3n de las virtudes heroicas de la Sierva de Dios Emilia de Vialar<\/em>\u00a0en \u201c<em>L&#8217;Osservatore Romano<\/em>\u201d, a\u00f1o LXXV, n.67, marzo 1935.I<\/p>\n<p><a name=\"_edn2\"><\/a><a href=\"http:\/\/www.vatican.va\/roman_curia\/tribunals\/apost_penit\/documents\/rc_trib_appen_pro_20201208_decreto-indulgenze-sangiuseppe_sp.html#_ednref2\">[2]<\/a>\u00a0Francisco,\u00a0<a href=\"http:\/\/www.vatican.va\/content\/francesco\/es\/audiences\/2016\/documents\/papa-francesco_20160203_udienza-generale.html\"><em>Audiencia general<\/em><\/a>\u00a0(3 de febrero de 2016)<\/p>\n<p><a name=\"_edn3\"><\/a><a href=\"http:\/\/www.vatican.va\/roman_curia\/tribunals\/apost_penit\/documents\/rc_trib_appen_pro_20201208_decreto-indulgenze-sangiuseppe_sp.html#_ednref3\">[3]<\/a>\u00a0P\u00edo XII,\u00a0<em>Discurso con motivo de la solemnidad de san Jos\u00e9 obrero, (<\/em>1 de mayo de 1955) en Discorsi e Radiomessaggi di SuaSantit\u00e1 Pio XII, XVII 71-76.<\/p>\n<p><a name=\"_edn4\"><\/a><a href=\"http:\/\/www.vatican.va\/roman_curia\/tribunals\/apost_penit\/documents\/rc_trib_appen_pro_20201208_decreto-indulgenze-sangiuseppe_sp.html#_ednref4\">[4]<\/a>\u00a0Francisco,\u00a0<em><a href=\"http:\/\/www.vatican.va\/content\/francesco\/es\/angelus\/2013\/documents\/papa-francesco_angelus_20131229.html\">Angelus<\/a>\u00a0<\/em>(29 diciembre 2013)<\/p>\n<p><a name=\"_edn5\"><\/a><a href=\"http:\/\/www.vatican.va\/roman_curia\/tribunals\/apost_penit\/documents\/rc_trib_appen_pro_20201208_decreto-indulgenze-sangiuseppe_sp.html#_ednref5\">[5]<\/a>\u00a0Teresa de \u00c1vila,\u00a0<em>Libro de La Vida,\u00a0<\/em>VI, 6.<\/p>\n<p><a name=\"_edn6\"><\/a><a href=\"http:\/\/www.vatican.va\/roman_curia\/tribunals\/apost_penit\/documents\/rc_trib_appen_pro_20201208_decreto-indulgenze-sangiuseppe_sp.html#_ednref6\">[6]<\/a>\u00a0Juan Pablo II, Exhortaci\u00f3n apost\u00f3lica\u00a0<em><a href=\"http:\/\/www.vatican.va\/content\/john-paul-ii\/es\/apost_exhortations\/documents\/hf_jp-ii_exh_15081989_redemptoris-custos.html\">RedemptorisCustos<\/a>,<\/em>\u00a0sobre la figura y misi\u00f3n de San Jos\u00e9 en la vida de Cristo y de la Iglesia (15 agosto 1989).<\/p>\n<p><a href=\"https:\/\/press.vatican.va\/content\/salastampa\/es\/bollettino\/pubblico\/2020\/12\/08\/dec.html\"><em>Bolet\u00edn de la Oficina de Prensa de la Santa Sede<\/em><\/a>, 8 de diciembre de 2020.<\/p>\n","protected":false},"excerpt":{"rendered":"<div class=\"mh-excerpt\"><p>Cercanos al comienzo de la Cuaresma, compartimos a continuaci\u00f3n el decreto de la Penitenciar\u00eda Apost\u00f3lica, en el cu\u00e1l se detalla como acceder a las Indulgencias <a class=\"mh-excerpt-more\" href=\"https:\/\/www.obispadorqta.org.ar\/v3\/indulgencias-especiales-con-ocasion-del-ano-de-san-jose\/\" title=\"Indulgencias especiales con ocasi\u00f3n del A\u00f1o de San Jos\u00e9\">[&#8230;]<\/a><\/p>\n<\/div>","protected":false},"author":2,"featured_media":5967,"comment_status":"closed","ping_status":"open","sticky":false,"template":"","format":"standard","meta":{"footnotes":""},"categories":[6,28],"tags":[],"class_list":["post-6085","post","type-post","status-publish","format-standard","has-post-thumbnail","hentry","category-news","category-latest-news"],"_links":{"self":[{"href":"https:\/\/www.obispadorqta.org.ar\/v3\/wp-json\/wp\/v2\/posts\/6085","targetHints":{"allow":["GET"]}}],"collection":[{"href":"https:\/\/www.obispadorqta.org.ar\/v3\/wp-json\/wp\/v2\/posts"}],"about":[{"href":"https:\/\/www.obispadorqta.org.ar\/v3\/wp-json\/wp\/v2\/types\/post"}],"author":[{"embeddable":true,"href":"https:\/\/www.obispadorqta.org.ar\/v3\/wp-json\/wp\/v2\/users\/2"}],"replies":[{"embeddable":true,"href":"https:\/\/www.obispadorqta.org.ar\/v3\/wp-json\/wp\/v2\/comments?post=6085"}],"version-history":[{"count":2,"href":"https:\/\/www.obispadorqta.org.ar\/v3\/wp-json\/wp\/v2\/posts\/6085\/revisions"}],"predecessor-version":[{"id":6087,"href":"https:\/\/www.obispadorqta.org.ar\/v3\/wp-json\/wp\/v2\/posts\/6085\/revisions\/6087"}],"wp:featuredmedia":[{"embeddable":true,"href":"https:\/\/www.obispadorqta.org.ar\/v3\/wp-json\/wp\/v2\/media\/5967"}],"wp:attachment":[{"href":"https:\/\/www.obispadorqta.org.ar\/v3\/wp-json\/wp\/v2\/media?parent=6085"}],"wp:term":[{"taxonomy":"category","embeddable":true,"href":"https:\/\/www.obispadorqta.org.ar\/v3\/wp-json\/wp\/v2\/categories?post=6085"},{"taxonomy":"post_tag","embeddable":true,"href":"https:\/\/www.obispadorqta.org.ar\/v3\/wp-json\/wp\/v2\/tags?post=6085"}],"curies":[{"name":"wp","href":"https:\/\/api.w.org\/{rel}","templated":true}]}}