{"id":6097,"date":"2021-02-12T11:43:05","date_gmt":"2021-02-12T14:43:05","guid":{"rendered":"http:\/\/www.obispadorqta.org.ar\/v3\/?p=6097"},"modified":"2021-02-12T11:47:18","modified_gmt":"2021-02-12T14:47:18","slug":"miercoles-de-ceniza-inicio-de-cuaresma-2","status":"publish","type":"post","link":"https:\/\/www.obispadorqta.org.ar\/v3\/miercoles-de-ceniza-inicio-de-cuaresma-2\/","title":{"rendered":"Mi\u00e9rcoles de Ceniza: Inicio de la Cuaresma"},"content":{"rendered":"<div align=\"justify\"><span style=\"color: #000000;\">El obispo de Reconquista, <strong>Mons. Dr. \u00c1ngel Jos\u00e9 Mac\u00edn<\/strong>, presidir\u00e1 el d\u00eda<strong>\u00a0mi\u00e9rcoles 17 de febrero, Mi\u00e9rcoles de Ceniza, la celebraci\u00f3n de la Santa Misa en la Iglesia Catedral de Reconquista, a las 19:00 horas,<\/strong>\u00a0dando inicio a la Cuaresma 2021.<\/span><\/div>\n<div align=\"justify\"><\/div>\n<div align=\"justify\"><span style=\"color: #000000;\">Una celebraci\u00f3n eu<\/span><span style=\"color: #000000;\">car\u00edstica que incluir\u00e1 el simb\u00f3lico rito de la imposici\u00f3n de la ceniza y que marca el inicio del periodo m\u00e1s importante del a\u00f1o lit\u00fargico, la Cuaresma, un tiempo donde los fieles estamos llamados a trabajar de manera especial en la conversi\u00f3n personal, un tiempo de oraci\u00f3n, penitencia y ayuno.<\/span><\/div>\n<div align=\"justify\"><\/div>\n<div align=\"justify\">En consideraci\u00f3n al contexto actual, por la pandemia del COVID &#8211; 19, el cupo de asistencia es limitado, por lo que los interesados en participar de la celebraci\u00f3n, deber\u00e1n anotarse en la secretar\u00eda parroquial.<\/div>\n","protected":false},"excerpt":{"rendered":"<div class=\"mh-excerpt\"><p>El obispo de Reconquista, Mons. Dr. \u00c1ngel Jos\u00e9 Mac\u00edn, presidir\u00e1 el d\u00eda\u00a0mi\u00e9rcoles 17 de febrero, Mi\u00e9rcoles de Ceniza, la celebraci\u00f3n de la Santa Misa en <a class=\"mh-excerpt-more\" href=\"https:\/\/www.obispadorqta.org.ar\/v3\/miercoles-de-ceniza-inicio-de-cuaresma-2\/\" title=\"Mi\u00e9rcoles de Ceniza: Inicio de la Cuaresma\">[&#8230;]<\/a><\/p>\n<\/div>","protected":false},"author":2,"featured_media":6098,"comment_status":"closed","ping_status":"open","sticky":false,"template":"","format":"standard","meta":{"footnotes":""},"categories":[6,28],"tags":[],"class_list":["post-6097","post","type-post","status-publish","format-standard","has-post-thumbnail","hentry","category-news","category-latest-news"],"_links":{"self":[{"href":"https:\/\/www.obispadorqta.org.ar\/v3\/wp-json\/wp\/v2\/posts\/6097","targetHints":{"allow":["GET"]}}],"collection":[{"href":"https:\/\/www.obispadorqta.org.ar\/v3\/wp-json\/wp\/v2\/posts"}],"about":[{"href":"https:\/\/www.obispadorqta.org.ar\/v3\/wp-json\/wp\/v2\/types\/post"}],"author":[{"embeddable":true,"href":"https:\/\/www.obispadorqta.org.ar\/v3\/wp-json\/wp\/v2\/users\/2"}],"replies":[{"embeddable":true,"href":"https:\/\/www.obispadorqta.org.ar\/v3\/wp-json\/wp\/v2\/comments?post=6097"}],"version-history":[{"count":9,"href":"https:\/\/www.obispadorqta.org.ar\/v3\/wp-json\/wp\/v2\/posts\/6097\/revisions"}],"predecessor-version":[{"id":6108,"href":"https:\/\/www.obispadorqta.org.ar\/v3\/wp-json\/wp\/v2\/posts\/6097\/revisions\/6108"}],"wp:featuredmedia":[{"embeddable":true,"href":"https:\/\/www.obispadorqta.org.ar\/v3\/wp-json\/wp\/v2\/media\/6098"}],"wp:attachment":[{"href":"https:\/\/www.obispadorqta.org.ar\/v3\/wp-json\/wp\/v2\/media?parent=6097"}],"wp:term":[{"taxonomy":"category","embeddable":true,"href":"https:\/\/www.obispadorqta.org.ar\/v3\/wp-json\/wp\/v2\/categories?post=6097"},{"taxonomy":"post_tag","embeddable":true,"href":"https:\/\/www.obispadorqta.org.ar\/v3\/wp-json\/wp\/v2\/tags?post=6097"}],"curies":[{"name":"wp","href":"https:\/\/api.w.org\/{rel}","templated":true}]}}