{"id":6112,"date":"2021-02-15T09:36:52","date_gmt":"2021-02-15T12:36:52","guid":{"rendered":"http:\/\/www.obispadorqta.org.ar\/v3\/?p=6112"},"modified":"2021-02-15T09:37:01","modified_gmt":"2021-02-15T12:37:01","slug":"salud-del-p-nestor-vera-2","status":"publish","type":"post","link":"https:\/\/www.obispadorqta.org.ar\/v3\/salud-del-p-nestor-vera-2\/","title":{"rendered":"Salud del P. N\u00e9stor Vera"},"content":{"rendered":"<p style=\"text-align: justify;\">A continuaci\u00f3n, compartimos una aclaraci\u00f3n del Obispo de Reconquista, Mons. Dr. \u00c1ngel Jos\u00e9 Mac\u00edn, sobre informaci\u00f3n que est\u00e1 circulando por las redes en relaci\u00f3n al tratamiento del P. N\u00e9stor Vera.<\/p>\n\n\n<figure class=\"wp-block-image size-large\"><img loading=\"lazy\" decoding=\"async\" width=\"648\" height=\"1024\" src=\"https:\/\/www.obispadorqta.org.ar\/v3\/wp-content\/uploads\/2021\/02\/escanear0001-648x1024.jpg\" alt=\"\" class=\"wp-image-6113\" srcset=\"https:\/\/www.obispadorqta.org.ar\/v3\/wp-content\/uploads\/2021\/02\/escanear0001-648x1024.jpg 648w, https:\/\/www.obispadorqta.org.ar\/v3\/wp-content\/uploads\/2021\/02\/escanear0001-190x300.jpg 190w, https:\/\/www.obispadorqta.org.ar\/v3\/wp-content\/uploads\/2021\/02\/escanear0001-768x1213.jpg 768w, https:\/\/www.obispadorqta.org.ar\/v3\/wp-content\/uploads\/2021\/02\/escanear0001-973x1536.jpg 973w, https:\/\/www.obispadorqta.org.ar\/v3\/wp-content\/uploads\/2021\/02\/escanear0001-1297x2048.jpg 1297w, https:\/\/www.obispadorqta.org.ar\/v3\/wp-content\/uploads\/2021\/02\/escanear0001.jpg 1442w\" sizes=\"auto, (max-width: 648px) 100vw, 648px\" \/><\/figure>\n","protected":false},"excerpt":{"rendered":"<div class=\"mh-excerpt\"><p>A continuaci\u00f3n, compartimos una aclaraci\u00f3n del Obispo de Reconquista, Mons. Dr. \u00c1ngel Jos\u00e9 Mac\u00edn, sobre informaci\u00f3n que est\u00e1 circulando por las redes en relaci\u00f3n al <a class=\"mh-excerpt-more\" href=\"https:\/\/www.obispadorqta.org.ar\/v3\/salud-del-p-nestor-vera-2\/\" title=\"Salud del P. N\u00e9stor Vera\">[&#8230;]<\/a><\/p>\n<\/div>","protected":false},"author":2,"featured_media":5344,"comment_status":"closed","ping_status":"open","sticky":false,"template":"","format":"standard","meta":{"footnotes":""},"categories":[6,28],"tags":[],"class_list":["post-6112","post","type-post","status-publish","format-standard","has-post-thumbnail","hentry","category-news","category-latest-news"],"_links":{"self":[{"href":"https:\/\/www.obispadorqta.org.ar\/v3\/wp-json\/wp\/v2\/posts\/6112","targetHints":{"allow":["GET"]}}],"collection":[{"href":"https:\/\/www.obispadorqta.org.ar\/v3\/wp-json\/wp\/v2\/posts"}],"about":[{"href":"https:\/\/www.obispadorqta.org.ar\/v3\/wp-json\/wp\/v2\/types\/post"}],"author":[{"embeddable":true,"href":"https:\/\/www.obispadorqta.org.ar\/v3\/wp-json\/wp\/v2\/users\/2"}],"replies":[{"embeddable":true,"href":"https:\/\/www.obispadorqta.org.ar\/v3\/wp-json\/wp\/v2\/comments?post=6112"}],"version-history":[{"count":2,"href":"https:\/\/www.obispadorqta.org.ar\/v3\/wp-json\/wp\/v2\/posts\/6112\/revisions"}],"predecessor-version":[{"id":6115,"href":"https:\/\/www.obispadorqta.org.ar\/v3\/wp-json\/wp\/v2\/posts\/6112\/revisions\/6115"}],"wp:featuredmedia":[{"embeddable":true,"href":"https:\/\/www.obispadorqta.org.ar\/v3\/wp-json\/wp\/v2\/media\/5344"}],"wp:attachment":[{"href":"https:\/\/www.obispadorqta.org.ar\/v3\/wp-json\/wp\/v2\/media?parent=6112"}],"wp:term":[{"taxonomy":"category","embeddable":true,"href":"https:\/\/www.obispadorqta.org.ar\/v3\/wp-json\/wp\/v2\/categories?post=6112"},{"taxonomy":"post_tag","embeddable":true,"href":"https:\/\/www.obispadorqta.org.ar\/v3\/wp-json\/wp\/v2\/tags?post=6112"}],"curies":[{"name":"wp","href":"https:\/\/api.w.org\/{rel}","templated":true}]}}