{"id":6154,"date":"2021-02-19T09:41:28","date_gmt":"2021-02-19T12:41:28","guid":{"rendered":"http:\/\/www.obispadorqta.org.ar\/v3\/?p=6154"},"modified":"2021-02-19T09:41:39","modified_gmt":"2021-02-19T12:41:39","slug":"asamblea-diocesana-movimiento-cursillo-de-cristiandad","status":"publish","type":"post","link":"https:\/\/www.obispadorqta.org.ar\/v3\/asamblea-diocesana-movimiento-cursillo-de-cristiandad\/","title":{"rendered":"Asamblea Diocesana Movimiento Cursillo de Cristiandad"},"content":{"rendered":"<p>El pr\u00f3ximo domingo 21 de febrero, de 10 a 12 hs., se estar\u00e1 llevando acabo la Asamblea Diocesana del Movimiento de Cursillo de Cristiandad. La misma se realizar\u00e1 en forma virtual, a trav\u00e9s de la plataforma Google Meet.<\/p>\n<p>Habr\u00e1 diferentes actividades, testimonios y reflexiones, presentaci\u00f3n del Secretariado Diocesano y la iluminaci\u00f3n por parte del Obispo Diocesano, Mons. Dr. \u00c1ngel Jos\u00e9 Mac\u00edn.<\/p>\n<div style=\"width: 368px;\" class=\"wp-video\"><video class=\"wp-video-shortcode\" id=\"video-6154-1\" width=\"368\" height=\"640\" preload=\"metadata\" controls=\"controls\"><source type=\"video\/mp4\" src=\"https:\/\/www.obispadorqta.org.ar\/v3\/wp-content\/uploads\/2021\/02\/VID-20210217-WA0001.mp4?_=1\" \/><a href=\"https:\/\/www.obispadorqta.org.ar\/v3\/wp-content\/uploads\/2021\/02\/VID-20210217-WA0001.mp4\">https:\/\/www.obispadorqta.org.ar\/v3\/wp-content\/uploads\/2021\/02\/VID-20210217-WA0001.mp4<\/a><\/video><\/div>\n\n\n<p><\/p>\n","protected":false},"excerpt":{"rendered":"<div class=\"mh-excerpt\"><p>El pr\u00f3ximo domingo 21 de febrero, de 10 a 12 hs., se estar\u00e1 llevando acabo la Asamblea Diocesana del Movimiento de Cursillo de Cristiandad. La <a class=\"mh-excerpt-more\" href=\"https:\/\/www.obispadorqta.org.ar\/v3\/asamblea-diocesana-movimiento-cursillo-de-cristiandad\/\" title=\"Asamblea Diocesana Movimiento Cursillo de Cristiandad\">[&#8230;]<\/a><\/p>\n<\/div>","protected":false},"author":2,"featured_media":2441,"comment_status":"closed","ping_status":"open","sticky":false,"template":"","format":"standard","meta":{"footnotes":""},"categories":[6,28],"tags":[],"class_list":["post-6154","post","type-post","status-publish","format-standard","has-post-thumbnail","hentry","category-news","category-latest-news"],"_links":{"self":[{"href":"https:\/\/www.obispadorqta.org.ar\/v3\/wp-json\/wp\/v2\/posts\/6154","targetHints":{"allow":["GET"]}}],"collection":[{"href":"https:\/\/www.obispadorqta.org.ar\/v3\/wp-json\/wp\/v2\/posts"}],"about":[{"href":"https:\/\/www.obispadorqta.org.ar\/v3\/wp-json\/wp\/v2\/types\/post"}],"author":[{"embeddable":true,"href":"https:\/\/www.obispadorqta.org.ar\/v3\/wp-json\/wp\/v2\/users\/2"}],"replies":[{"embeddable":true,"href":"https:\/\/www.obispadorqta.org.ar\/v3\/wp-json\/wp\/v2\/comments?post=6154"}],"version-history":[{"count":1,"href":"https:\/\/www.obispadorqta.org.ar\/v3\/wp-json\/wp\/v2\/posts\/6154\/revisions"}],"predecessor-version":[{"id":6156,"href":"https:\/\/www.obispadorqta.org.ar\/v3\/wp-json\/wp\/v2\/posts\/6154\/revisions\/6156"}],"wp:featuredmedia":[{"embeddable":true,"href":"https:\/\/www.obispadorqta.org.ar\/v3\/wp-json\/wp\/v2\/media\/2441"}],"wp:attachment":[{"href":"https:\/\/www.obispadorqta.org.ar\/v3\/wp-json\/wp\/v2\/media?parent=6154"}],"wp:term":[{"taxonomy":"category","embeddable":true,"href":"https:\/\/www.obispadorqta.org.ar\/v3\/wp-json\/wp\/v2\/categories?post=6154"},{"taxonomy":"post_tag","embeddable":true,"href":"https:\/\/www.obispadorqta.org.ar\/v3\/wp-json\/wp\/v2\/tags?post=6154"}],"curies":[{"name":"wp","href":"https:\/\/api.w.org\/{rel}","templated":true}]}}