{"id":6157,"date":"2021-02-23T10:19:00","date_gmt":"2021-02-23T13:19:00","guid":{"rendered":"http:\/\/www.obispadorqta.org.ar\/v3\/?p=6157"},"modified":"2021-02-23T10:19:09","modified_gmt":"2021-02-23T13:19:09","slug":"40-dias-por-la-vida","status":"publish","type":"post","link":"https:\/\/www.obispadorqta.org.ar\/v3\/40-dias-por-la-vida\/","title":{"rendered":"40 d\u00edas por la Vida"},"content":{"rendered":"<p style=\"text-align: justify;\">Del 17 de Febrero al 28 de Marzo, nuestra comunidad se une con ciudades de costa a costa del mundo entero en una movilizaci\u00f3n simult\u00e1nea a favor de la Vida: La campa\u00f1a Internacional de 40 D\u00edas por la Vida. Los fieles creyentes se unen en oraci\u00f3n para que este esfuerzo marque el comienzo del fin del aborto en Argentina.<\/p>\n<p style=\"text-align: justify;\">40 D\u00edas por la Vida es una campa\u00f1a enfocada a favor de la Vida, que se ha conducido en m\u00e1s de 7440 ciudades alrededor del mundo. 40 D\u00edas por la Vida es un esfuerzo ecum\u00e9nico centrado en la Fe basado en tres componentes clave:<\/p>\n<p style=\"text-align: justify;\">Oraci\u00f3n y Ayuno: invitando a los creyentes y personas de fe alrededor de nuestra ciudad a unirse en oraci\u00f3n fervorosa y ayuno por el fin del aborto.<\/p>\n<p style=\"text-align: justify;\">Vigilia Pac\u00edfica: Promulgarse a favor de la Vida dando testimonio p\u00fablico de paz durante 40 d\u00edas afuera del Hospital Central Reconquista.<\/p>\n<p style=\"text-align: justify;\">Alcance comunitario: Llevar un mensaje positivo y entusiasta a cada rinc\u00f3n de nuestra ciudad mediante esfuerzos con los medios de comunicaci\u00f3n, presentaciones en las iglesias, invitaci\u00f3n de puerta en puerta y visibilidad p\u00fablica.<\/p>\n<p style=\"text-align: justify;\">Aquellos que quieran participar de esta iniciativa, comunicarse con la Srta. Ludmila Garay, al n\u00famero de contacto que se comparte a continuaci\u00f3n:<\/p>\n<p><img loading=\"lazy\" decoding=\"async\" class=\"aligncenter size-full wp-image-6159\" src=\"https:\/\/www.obispadorqta.org.ar\/v3\/wp-content\/uploads\/2021\/02\/invitaci\u00f3n2.jpg\" alt=\"\" width=\"829\" height=\"353\" srcset=\"https:\/\/www.obispadorqta.org.ar\/v3\/wp-content\/uploads\/2021\/02\/invitaci\u00f3n2.jpg 829w, https:\/\/www.obispadorqta.org.ar\/v3\/wp-content\/uploads\/2021\/02\/invitaci\u00f3n2-300x128.jpg 300w, https:\/\/www.obispadorqta.org.ar\/v3\/wp-content\/uploads\/2021\/02\/invitaci\u00f3n2-768x327.jpg 768w\" sizes=\"auto, (max-width: 829px) 100vw, 829px\" \/><\/p>\n","protected":false},"excerpt":{"rendered":"<div class=\"mh-excerpt\"><p>Del 17 de Febrero al 28 de Marzo, nuestra comunidad se une con ciudades de costa a costa del mundo entero en una movilizaci\u00f3n simult\u00e1nea <a class=\"mh-excerpt-more\" href=\"https:\/\/www.obispadorqta.org.ar\/v3\/40-dias-por-la-vida\/\" title=\"40 d\u00edas por la Vida\">[&#8230;]<\/a><\/p>\n<\/div>","protected":false},"author":2,"featured_media":6161,"comment_status":"closed","ping_status":"open","sticky":false,"template":"","format":"standard","meta":{"footnotes":""},"categories":[6,28],"tags":[],"class_list":["post-6157","post","type-post","status-publish","format-standard","has-post-thumbnail","hentry","category-news","category-latest-news"],"_links":{"self":[{"href":"https:\/\/www.obispadorqta.org.ar\/v3\/wp-json\/wp\/v2\/posts\/6157","targetHints":{"allow":["GET"]}}],"collection":[{"href":"https:\/\/www.obispadorqta.org.ar\/v3\/wp-json\/wp\/v2\/posts"}],"about":[{"href":"https:\/\/www.obispadorqta.org.ar\/v3\/wp-json\/wp\/v2\/types\/post"}],"author":[{"embeddable":true,"href":"https:\/\/www.obispadorqta.org.ar\/v3\/wp-json\/wp\/v2\/users\/2"}],"replies":[{"embeddable":true,"href":"https:\/\/www.obispadorqta.org.ar\/v3\/wp-json\/wp\/v2\/comments?post=6157"}],"version-history":[{"count":1,"href":"https:\/\/www.obispadorqta.org.ar\/v3\/wp-json\/wp\/v2\/posts\/6157\/revisions"}],"predecessor-version":[{"id":6160,"href":"https:\/\/www.obispadorqta.org.ar\/v3\/wp-json\/wp\/v2\/posts\/6157\/revisions\/6160"}],"wp:featuredmedia":[{"embeddable":true,"href":"https:\/\/www.obispadorqta.org.ar\/v3\/wp-json\/wp\/v2\/media\/6161"}],"wp:attachment":[{"href":"https:\/\/www.obispadorqta.org.ar\/v3\/wp-json\/wp\/v2\/media?parent=6157"}],"wp:term":[{"taxonomy":"category","embeddable":true,"href":"https:\/\/www.obispadorqta.org.ar\/v3\/wp-json\/wp\/v2\/categories?post=6157"},{"taxonomy":"post_tag","embeddable":true,"href":"https:\/\/www.obispadorqta.org.ar\/v3\/wp-json\/wp\/v2\/tags?post=6157"}],"curies":[{"name":"wp","href":"https:\/\/api.w.org\/{rel}","templated":true}]}}