{"id":6164,"date":"2021-02-26T10:36:12","date_gmt":"2021-02-26T13:36:12","guid":{"rendered":"http:\/\/www.obispadorqta.org.ar\/v3\/?p=6164"},"modified":"2021-02-26T11:25:21","modified_gmt":"2021-02-26T14:25:21","slug":"misa-inicio-ciclo-lectivo-seminario-interdiocesano","status":"publish","type":"post","link":"https:\/\/www.obispadorqta.org.ar\/v3\/misa-inicio-ciclo-lectivo-seminario-interdiocesano\/","title":{"rendered":"MISA INICIO CICLO LECTIVO SEMINARIO INTERDIOCESANO"},"content":{"rendered":"<p style=\"text-align: justify;\">El Seminario Interdiocesano \u201cLa Encarnaci\u00f3n\u201d, que forma a los seminaristas de la Regi\u00f3n NEA, comenzar\u00e1 el lunes 1\u00b0 de marzo pr\u00f3ximo su ciclo lectivo 2021, con una misa a las 10 hs, presidiada por el arzobispo de Resistencia, monse\u00f1or Ram\u00f3n Dus, y concelebrada por el Rector de la casa de formaci\u00f3n sacerdotal, presb\u00edtero Ra\u00fal Taibo.<\/p>\n<p style=\"text-align: justify;\">Esta vez, y como es habitual, no participar\u00e1n los dem\u00e1s obispos de la regi\u00f3n pastoral debido a las restricciones por la pandemia.<\/p>\n<p style=\"text-align: justify;\">Este a\u00f1o, nuestra di\u00f3cesis contar\u00e1 con el ingreso de un nuevo seminarista.<\/p>\n<p style=\"text-align: justify;\">Acompa\u00f1amos a los seminaristas\u00a0 y elevamos una oraci\u00f3n por las vocaciones sacerdotales.<\/p>\n","protected":false},"excerpt":{"rendered":"<div class=\"mh-excerpt\"><p>El Seminario Interdiocesano \u201cLa Encarnaci\u00f3n\u201d, que forma a los seminaristas de la Regi\u00f3n NEA, comenzar\u00e1 el lunes 1\u00b0 de marzo pr\u00f3ximo su ciclo lectivo 2021, <a class=\"mh-excerpt-more\" href=\"https:\/\/www.obispadorqta.org.ar\/v3\/misa-inicio-ciclo-lectivo-seminario-interdiocesano\/\" title=\"MISA INICIO CICLO LECTIVO SEMINARIO INTERDIOCESANO\">[&#8230;]<\/a><\/p>\n<\/div>","protected":false},"author":3,"featured_media":17,"comment_status":"open","ping_status":"open","sticky":false,"template":"","format":"standard","meta":{"footnotes":""},"categories":[6,28],"tags":[],"class_list":["post-6164","post","type-post","status-publish","format-standard","has-post-thumbnail","hentry","category-news","category-latest-news"],"_links":{"self":[{"href":"https:\/\/www.obispadorqta.org.ar\/v3\/wp-json\/wp\/v2\/posts\/6164","targetHints":{"allow":["GET"]}}],"collection":[{"href":"https:\/\/www.obispadorqta.org.ar\/v3\/wp-json\/wp\/v2\/posts"}],"about":[{"href":"https:\/\/www.obispadorqta.org.ar\/v3\/wp-json\/wp\/v2\/types\/post"}],"author":[{"embeddable":true,"href":"https:\/\/www.obispadorqta.org.ar\/v3\/wp-json\/wp\/v2\/users\/3"}],"replies":[{"embeddable":true,"href":"https:\/\/www.obispadorqta.org.ar\/v3\/wp-json\/wp\/v2\/comments?post=6164"}],"version-history":[{"count":4,"href":"https:\/\/www.obispadorqta.org.ar\/v3\/wp-json\/wp\/v2\/posts\/6164\/revisions"}],"predecessor-version":[{"id":6168,"href":"https:\/\/www.obispadorqta.org.ar\/v3\/wp-json\/wp\/v2\/posts\/6164\/revisions\/6168"}],"wp:featuredmedia":[{"embeddable":true,"href":"https:\/\/www.obispadorqta.org.ar\/v3\/wp-json\/wp\/v2\/media\/17"}],"wp:attachment":[{"href":"https:\/\/www.obispadorqta.org.ar\/v3\/wp-json\/wp\/v2\/media?parent=6164"}],"wp:term":[{"taxonomy":"category","embeddable":true,"href":"https:\/\/www.obispadorqta.org.ar\/v3\/wp-json\/wp\/v2\/categories?post=6164"},{"taxonomy":"post_tag","embeddable":true,"href":"https:\/\/www.obispadorqta.org.ar\/v3\/wp-json\/wp\/v2\/tags?post=6164"}],"curies":[{"name":"wp","href":"https:\/\/api.w.org\/{rel}","templated":true}]}}