{"id":6170,"date":"2021-03-03T10:03:17","date_gmt":"2021-03-03T13:03:17","guid":{"rendered":"http:\/\/www.obispadorqta.org.ar\/v3\/?p=6170"},"modified":"2021-03-03T10:03:34","modified_gmt":"2021-03-03T13:03:34","slug":"reunion-de-los-obispos-de-la-region-nea","status":"publish","type":"post","link":"https:\/\/www.obispadorqta.org.ar\/v3\/reunion-de-los-obispos-de-la-region-nea\/","title":{"rendered":"Reuni\u00f3n de los Obispos de la Regi\u00f3n NEA"},"content":{"rendered":"<p style=\"text-align: justify;\">Los d\u00edas 2 y 3 de Marzo, los Obispos de la Regi\u00f3n NEA, llevan a cabo un encuentro virtual, para conversar distintos temas que hacen a la agenda pastoral de la regi\u00f3n. Nuestro Obispo, Mons. \u00c1ngel Jos\u00e9 Mac\u00edn participa de esta reuni\u00f3n.<\/p>\n<p style=\"text-align: justify;\">Entre otras cosas, van a repasar sobre los distintos desaf\u00edos que se han suscitado por el flagelo de la pandemia del COVID-19 y las alternativas que fueron surgiendo en consecuencia para as\u00ed poder seguir con las actividades propuestas, el funcionamiento de los organismos regionales, la cuesti\u00f3n educativa y la pastoral juvenil.<\/p>\n<p style=\"text-align: justify;\">Invitamos a rezar por este evento de comuni\u00f3n y reflexi\u00f3n pastoral.<\/p>\n","protected":false},"excerpt":{"rendered":"<div class=\"mh-excerpt\"><p>Los d\u00edas 2 y 3 de Marzo, los Obispos de la Regi\u00f3n NEA, llevan a cabo un encuentro virtual, para conversar distintos temas que hacen <a class=\"mh-excerpt-more\" href=\"https:\/\/www.obispadorqta.org.ar\/v3\/reunion-de-los-obispos-de-la-region-nea\/\" title=\"Reuni\u00f3n de los Obispos de la Regi\u00f3n NEA\">[&#8230;]<\/a><\/p>\n<\/div>","protected":false},"author":2,"featured_media":6171,"comment_status":"closed","ping_status":"open","sticky":false,"template":"","format":"standard","meta":{"footnotes":""},"categories":[6,28],"tags":[],"class_list":["post-6170","post","type-post","status-publish","format-standard","has-post-thumbnail","hentry","category-news","category-latest-news"],"_links":{"self":[{"href":"https:\/\/www.obispadorqta.org.ar\/v3\/wp-json\/wp\/v2\/posts\/6170","targetHints":{"allow":["GET"]}}],"collection":[{"href":"https:\/\/www.obispadorqta.org.ar\/v3\/wp-json\/wp\/v2\/posts"}],"about":[{"href":"https:\/\/www.obispadorqta.org.ar\/v3\/wp-json\/wp\/v2\/types\/post"}],"author":[{"embeddable":true,"href":"https:\/\/www.obispadorqta.org.ar\/v3\/wp-json\/wp\/v2\/users\/2"}],"replies":[{"embeddable":true,"href":"https:\/\/www.obispadorqta.org.ar\/v3\/wp-json\/wp\/v2\/comments?post=6170"}],"version-history":[{"count":1,"href":"https:\/\/www.obispadorqta.org.ar\/v3\/wp-json\/wp\/v2\/posts\/6170\/revisions"}],"predecessor-version":[{"id":6172,"href":"https:\/\/www.obispadorqta.org.ar\/v3\/wp-json\/wp\/v2\/posts\/6170\/revisions\/6172"}],"wp:featuredmedia":[{"embeddable":true,"href":"https:\/\/www.obispadorqta.org.ar\/v3\/wp-json\/wp\/v2\/media\/6171"}],"wp:attachment":[{"href":"https:\/\/www.obispadorqta.org.ar\/v3\/wp-json\/wp\/v2\/media?parent=6170"}],"wp:term":[{"taxonomy":"category","embeddable":true,"href":"https:\/\/www.obispadorqta.org.ar\/v3\/wp-json\/wp\/v2\/categories?post=6170"},{"taxonomy":"post_tag","embeddable":true,"href":"https:\/\/www.obispadorqta.org.ar\/v3\/wp-json\/wp\/v2\/tags?post=6170"}],"curies":[{"name":"wp","href":"https:\/\/api.w.org\/{rel}","templated":true}]}}