{"id":6180,"date":"2021-03-12T10:20:34","date_gmt":"2021-03-12T13:20:34","guid":{"rendered":"http:\/\/www.obispadorqta.org.ar\/v3\/?p=6180"},"modified":"2021-03-12T10:31:49","modified_gmt":"2021-03-12T13:31:49","slug":"presentacion-nuevo-vicario-parroquial","status":"publish","type":"post","link":"https:\/\/www.obispadorqta.org.ar\/v3\/presentacion-nuevo-vicario-parroquial\/","title":{"rendered":"Presentaci\u00f3n nuevo Vicario Parroquial"},"content":{"rendered":"<p style=\"text-align: justify;\">El pr\u00f3ximo s\u00e1bado 13 de marzo a las 20 hs., Mons. Dr. \u00c1ngel jos\u00e9 Mac\u00edn, Obispo de Reconquista, presentar\u00e1 a la comunidad de la parroquia \u00abNuestra Se\u00f1ora de la Asunci\u00f3n\u00bb de Las Toscas a Fray Omar Christian Mar\u00eda Arriagada Riveros OSM, qui\u00e9n ser\u00e1 instituido como Vicario Parroquial de esta comunidad, acompa\u00f1ando al p\u00e1rroco Fr. Agust\u00edn Poier OSM y a Fr. Bruno Predonzani OSM.<\/p>\n<p style=\"text-align: justify;\">En la Santa Misa presidida por el Obispo Diocesano, Mons. Dr. \u00c1ngel Jos\u00e9 Mac\u00edn, Fr. Omar Arriagada realizar\u00e1 su correspondiente profesi\u00f3n de fe y juramento de fidelidad al oficio encomendado.<\/p>\n<p style=\"text-align: justify;\">Agradecemos al Se\u00f1or por esta nueva misi\u00f3n de Fr. Omar en nuestra di\u00f3cesis de Reconquista y por los frutos de su ministerio.<\/p>\n","protected":false},"excerpt":{"rendered":"<div class=\"mh-excerpt\"><p>El pr\u00f3ximo s\u00e1bado 13 de marzo a las 20 hs., Mons. Dr. \u00c1ngel jos\u00e9 Mac\u00edn, Obispo de Reconquista, presentar\u00e1 a la comunidad de la parroquia <a class=\"mh-excerpt-more\" href=\"https:\/\/www.obispadorqta.org.ar\/v3\/presentacion-nuevo-vicario-parroquial\/\" title=\"Presentaci\u00f3n nuevo Vicario Parroquial\">[&#8230;]<\/a><\/p>\n<\/div>","protected":false},"author":2,"featured_media":5752,"comment_status":"closed","ping_status":"open","sticky":false,"template":"","format":"standard","meta":{"footnotes":""},"categories":[6,28],"tags":[],"class_list":["post-6180","post","type-post","status-publish","format-standard","has-post-thumbnail","hentry","category-news","category-latest-news"],"_links":{"self":[{"href":"https:\/\/www.obispadorqta.org.ar\/v3\/wp-json\/wp\/v2\/posts\/6180","targetHints":{"allow":["GET"]}}],"collection":[{"href":"https:\/\/www.obispadorqta.org.ar\/v3\/wp-json\/wp\/v2\/posts"}],"about":[{"href":"https:\/\/www.obispadorqta.org.ar\/v3\/wp-json\/wp\/v2\/types\/post"}],"author":[{"embeddable":true,"href":"https:\/\/www.obispadorqta.org.ar\/v3\/wp-json\/wp\/v2\/users\/2"}],"replies":[{"embeddable":true,"href":"https:\/\/www.obispadorqta.org.ar\/v3\/wp-json\/wp\/v2\/comments?post=6180"}],"version-history":[{"count":3,"href":"https:\/\/www.obispadorqta.org.ar\/v3\/wp-json\/wp\/v2\/posts\/6180\/revisions"}],"predecessor-version":[{"id":6183,"href":"https:\/\/www.obispadorqta.org.ar\/v3\/wp-json\/wp\/v2\/posts\/6180\/revisions\/6183"}],"wp:featuredmedia":[{"embeddable":true,"href":"https:\/\/www.obispadorqta.org.ar\/v3\/wp-json\/wp\/v2\/media\/5752"}],"wp:attachment":[{"href":"https:\/\/www.obispadorqta.org.ar\/v3\/wp-json\/wp\/v2\/media?parent=6180"}],"wp:term":[{"taxonomy":"category","embeddable":true,"href":"https:\/\/www.obispadorqta.org.ar\/v3\/wp-json\/wp\/v2\/categories?post=6180"},{"taxonomy":"post_tag","embeddable":true,"href":"https:\/\/www.obispadorqta.org.ar\/v3\/wp-json\/wp\/v2\/tags?post=6180"}],"curies":[{"name":"wp","href":"https:\/\/api.w.org\/{rel}","templated":true}]}}