{"id":6185,"date":"2021-03-17T09:24:51","date_gmt":"2021-03-17T12:24:51","guid":{"rendered":"http:\/\/www.obispadorqta.org.ar\/v3\/?p=6185"},"modified":"2021-03-17T09:34:25","modified_gmt":"2021-03-17T12:34:25","slug":"nueva-casa-para-mujeres-con-problemas-de-adiccion","status":"publish","type":"post","link":"https:\/\/www.obispadorqta.org.ar\/v3\/nueva-casa-para-mujeres-con-problemas-de-adiccion\/","title":{"rendered":"NUEVA CASA PARA MUJERES CON PROBLEMAS DE ADICCI\u00d3N"},"content":{"rendered":"<p style=\"text-align: justify;\">El viernes 19, solemnidad de San Jos\u00e9, Mons. Mac\u00edn junto al P. N\u00e9stor Vera, directivos de la Fundaci\u00f3n \u00abEl Buen Samaritano\u00bb y otros invitados bendecir\u00e1n una nueva casa destinada a la atenci\u00f3n de mujeres con diferentes problemas de adicci\u00f3n.<\/p>\n<p style=\"text-align: justify;\">Es una gracia para la comunidad diocesana que la obra de \u00abEl Buen Samaritano\u00bb siga creciendo y ofreciendo un espacio para nuevas realidades emergentes.<\/p>\n<p style=\"text-align: justify;\">El acontecimiento tendr\u00e1 lugar en localidad de La Alerta, Parroquia de La Sarita, a las 10 hs. A San Jos\u00e9, patrono de nuestra di\u00f3cesis, confiamos esta nueva iniciativa y tambi\u00e9n la salud del P. N\u00e9stor Vera.<\/p>\n","protected":false},"excerpt":{"rendered":"<div class=\"mh-excerpt\"><p>El viernes 19, solemnidad de San Jos\u00e9, Mons. Mac\u00edn junto al P. N\u00e9stor Vera, directivos de la Fundaci\u00f3n \u00abEl Buen Samaritano\u00bb y otros invitados bendecir\u00e1n <a class=\"mh-excerpt-more\" href=\"https:\/\/www.obispadorqta.org.ar\/v3\/nueva-casa-para-mujeres-con-problemas-de-adiccion\/\" title=\"NUEVA CASA PARA MUJERES CON PROBLEMAS DE ADICCI\u00d3N\">[&#8230;]<\/a><\/p>\n<\/div>","protected":false},"author":3,"featured_media":6186,"comment_status":"closed","ping_status":"open","sticky":false,"template":"","format":"standard","meta":{"footnotes":""},"categories":[6,28],"tags":[],"class_list":["post-6185","post","type-post","status-publish","format-standard","has-post-thumbnail","hentry","category-news","category-latest-news"],"_links":{"self":[{"href":"https:\/\/www.obispadorqta.org.ar\/v3\/wp-json\/wp\/v2\/posts\/6185","targetHints":{"allow":["GET"]}}],"collection":[{"href":"https:\/\/www.obispadorqta.org.ar\/v3\/wp-json\/wp\/v2\/posts"}],"about":[{"href":"https:\/\/www.obispadorqta.org.ar\/v3\/wp-json\/wp\/v2\/types\/post"}],"author":[{"embeddable":true,"href":"https:\/\/www.obispadorqta.org.ar\/v3\/wp-json\/wp\/v2\/users\/3"}],"replies":[{"embeddable":true,"href":"https:\/\/www.obispadorqta.org.ar\/v3\/wp-json\/wp\/v2\/comments?post=6185"}],"version-history":[{"count":4,"href":"https:\/\/www.obispadorqta.org.ar\/v3\/wp-json\/wp\/v2\/posts\/6185\/revisions"}],"predecessor-version":[{"id":6192,"href":"https:\/\/www.obispadorqta.org.ar\/v3\/wp-json\/wp\/v2\/posts\/6185\/revisions\/6192"}],"wp:featuredmedia":[{"embeddable":true,"href":"https:\/\/www.obispadorqta.org.ar\/v3\/wp-json\/wp\/v2\/media\/6186"}],"wp:attachment":[{"href":"https:\/\/www.obispadorqta.org.ar\/v3\/wp-json\/wp\/v2\/media?parent=6185"}],"wp:term":[{"taxonomy":"category","embeddable":true,"href":"https:\/\/www.obispadorqta.org.ar\/v3\/wp-json\/wp\/v2\/categories?post=6185"},{"taxonomy":"post_tag","embeddable":true,"href":"https:\/\/www.obispadorqta.org.ar\/v3\/wp-json\/wp\/v2\/tags?post=6185"}],"curies":[{"name":"wp","href":"https:\/\/api.w.org\/{rel}","templated":true}]}}