{"id":6198,"date":"2021-03-17T09:59:05","date_gmt":"2021-03-17T12:59:05","guid":{"rendered":"http:\/\/www.obispadorqta.org.ar\/v3\/?p=6198"},"modified":"2021-03-18T09:05:57","modified_gmt":"2021-03-18T12:05:57","slug":"caravana-en-honor-a-san-jose","status":"publish","type":"post","link":"https:\/\/www.obispadorqta.org.ar\/v3\/caravana-en-honor-a-san-jose\/","title":{"rendered":"CARAVANA EN HONOR A SAN JOS\u00c9"},"content":{"rendered":"<p style=\"text-align: justify;\">La parroquia m\u00e1s joven de la Di\u00f3cesis de Reconquista, dedicar\u00e1 todo el fin de semana a celebrar su fiesta patronal en honor a San Jos\u00e9. Entre otras actividades, el s\u00e1bado se har\u00e1 una caravana, llevando la imagen de San Jos\u00e9, la cual recorrer\u00e1 todas las comunidades de la parroquia.<\/p>\n<p style=\"text-align: justify;\">En torno a las 15,30 hs., la caravana llegar\u00e1 al Puerto Reconquista. Desde all\u00ed, el Obispo Diocesano, Mons. \u00c1ngel Jos\u00e9 Mac\u00edn, enviar\u00e1 un mensaje a todos los fieles, sobre el cuidado de la creaci\u00f3n, inspirado en San Jos\u00e9, Custodio del Redentor.<\/p>\n<p style=\"text-align: justify;\">Para seguir el mensaje ingresar al Facebook de la Parroquia: <strong>Parroquia San Jos\u00e9 Reconquista<\/strong><\/p>\n<p><\/p>\n\n\n<figure class=\"wp-block-image size-large is-resized\"><img loading=\"lazy\" decoding=\"async\" src=\"https:\/\/www.obispadorqta.org.ar\/v3\/wp-content\/uploads\/2021\/03\/IMG-20210317-WA0007-1-724x1024.jpg\" alt=\"\" class=\"wp-image-6202\" width=\"551\" height=\"778\" srcset=\"https:\/\/www.obispadorqta.org.ar\/v3\/wp-content\/uploads\/2021\/03\/IMG-20210317-WA0007-1-724x1024.jpg 724w, https:\/\/www.obispadorqta.org.ar\/v3\/wp-content\/uploads\/2021\/03\/IMG-20210317-WA0007-1-212x300.jpg 212w, https:\/\/www.obispadorqta.org.ar\/v3\/wp-content\/uploads\/2021\/03\/IMG-20210317-WA0007-1-768x1086.jpg 768w, https:\/\/www.obispadorqta.org.ar\/v3\/wp-content\/uploads\/2021\/03\/IMG-20210317-WA0007-1.jpg 905w\" sizes=\"auto, (max-width: 551px) 100vw, 551px\" \/><\/figure>\n\n\n\n<figure class=\"wp-block-image size-large is-resized\"><img loading=\"lazy\" decoding=\"async\" src=\"https:\/\/www.obispadorqta.org.ar\/v3\/wp-content\/uploads\/2021\/03\/IMG-20210317-WA0006-1-724x1024.jpg\" alt=\"\" class=\"wp-image-6203\" width=\"532\" height=\"752\" srcset=\"https:\/\/www.obispadorqta.org.ar\/v3\/wp-content\/uploads\/2021\/03\/IMG-20210317-WA0006-1-724x1024.jpg 724w, https:\/\/www.obispadorqta.org.ar\/v3\/wp-content\/uploads\/2021\/03\/IMG-20210317-WA0006-1-212x300.jpg 212w, https:\/\/www.obispadorqta.org.ar\/v3\/wp-content\/uploads\/2021\/03\/IMG-20210317-WA0006-1-768x1086.jpg 768w, https:\/\/www.obispadorqta.org.ar\/v3\/wp-content\/uploads\/2021\/03\/IMG-20210317-WA0006-1.jpg 905w\" sizes=\"auto, (max-width: 532px) 100vw, 532px\" \/><\/figure>\n","protected":false},"excerpt":{"rendered":"<div class=\"mh-excerpt\"><p>La parroquia m\u00e1s joven de la Di\u00f3cesis de Reconquista, dedicar\u00e1 todo el fin de semana a celebrar su fiesta patronal en honor a San Jos\u00e9. <a class=\"mh-excerpt-more\" href=\"https:\/\/www.obispadorqta.org.ar\/v3\/caravana-en-honor-a-san-jose\/\" title=\"CARAVANA EN HONOR A SAN JOS\u00c9\">[&#8230;]<\/a><\/p>\n<\/div>","protected":false},"author":3,"featured_media":6208,"comment_status":"closed","ping_status":"open","sticky":false,"template":"","format":"standard","meta":{"footnotes":""},"categories":[6,28],"tags":[],"class_list":["post-6198","post","type-post","status-publish","format-standard","has-post-thumbnail","hentry","category-news","category-latest-news"],"_links":{"self":[{"href":"https:\/\/www.obispadorqta.org.ar\/v3\/wp-json\/wp\/v2\/posts\/6198","targetHints":{"allow":["GET"]}}],"collection":[{"href":"https:\/\/www.obispadorqta.org.ar\/v3\/wp-json\/wp\/v2\/posts"}],"about":[{"href":"https:\/\/www.obispadorqta.org.ar\/v3\/wp-json\/wp\/v2\/types\/post"}],"author":[{"embeddable":true,"href":"https:\/\/www.obispadorqta.org.ar\/v3\/wp-json\/wp\/v2\/users\/3"}],"replies":[{"embeddable":true,"href":"https:\/\/www.obispadorqta.org.ar\/v3\/wp-json\/wp\/v2\/comments?post=6198"}],"version-history":[{"count":7,"href":"https:\/\/www.obispadorqta.org.ar\/v3\/wp-json\/wp\/v2\/posts\/6198\/revisions"}],"predecessor-version":[{"id":6221,"href":"https:\/\/www.obispadorqta.org.ar\/v3\/wp-json\/wp\/v2\/posts\/6198\/revisions\/6221"}],"wp:featuredmedia":[{"embeddable":true,"href":"https:\/\/www.obispadorqta.org.ar\/v3\/wp-json\/wp\/v2\/media\/6208"}],"wp:attachment":[{"href":"https:\/\/www.obispadorqta.org.ar\/v3\/wp-json\/wp\/v2\/media?parent=6198"}],"wp:term":[{"taxonomy":"category","embeddable":true,"href":"https:\/\/www.obispadorqta.org.ar\/v3\/wp-json\/wp\/v2\/categories?post=6198"},{"taxonomy":"post_tag","embeddable":true,"href":"https:\/\/www.obispadorqta.org.ar\/v3\/wp-json\/wp\/v2\/tags?post=6198"}],"curies":[{"name":"wp","href":"https:\/\/api.w.org\/{rel}","templated":true}]}}