{"id":6210,"date":"2021-03-17T10:44:08","date_gmt":"2021-03-17T13:44:08","guid":{"rendered":"http:\/\/www.obispadorqta.org.ar\/v3\/?p=6210"},"modified":"2021-03-18T09:09:37","modified_gmt":"2021-03-18T12:09:37","slug":"fiesta-patronal","status":"publish","type":"post","link":"https:\/\/www.obispadorqta.org.ar\/v3\/fiesta-patronal\/","title":{"rendered":"FIESTA PATRONAL"},"content":{"rendered":"<p>La parroquia San Jos\u00e9 concluir\u00e1 los festejos en honor a su patrono, con la bendici\u00f3n de una nueva imagen del santo.<\/p>\n<p>Esto ser\u00e1 el domingo 21, a las 10 hs., y la Misa ser\u00e1 presidida por el Obispo de la Di\u00f3cesis, Mons. \u00c1ngel Jos\u00e9 Mac\u00edn.<\/p>\n\n\n<p><\/p>\n","protected":false},"excerpt":{"rendered":"<div class=\"mh-excerpt\"><p>La parroquia San Jos\u00e9 concluir\u00e1 los festejos en honor a su patrono, con la bendici\u00f3n de una nueva imagen del santo. Esto ser\u00e1 el domingo <a class=\"mh-excerpt-more\" href=\"https:\/\/www.obispadorqta.org.ar\/v3\/fiesta-patronal\/\" title=\"FIESTA PATRONAL\">[&#8230;]<\/a><\/p>\n<\/div>","protected":false},"author":3,"featured_media":6219,"comment_status":"closed","ping_status":"open","sticky":false,"template":"","format":"standard","meta":{"footnotes":""},"categories":[6,28],"tags":[],"class_list":["post-6210","post","type-post","status-publish","format-standard","has-post-thumbnail","hentry","category-news","category-latest-news"],"_links":{"self":[{"href":"https:\/\/www.obispadorqta.org.ar\/v3\/wp-json\/wp\/v2\/posts\/6210","targetHints":{"allow":["GET"]}}],"collection":[{"href":"https:\/\/www.obispadorqta.org.ar\/v3\/wp-json\/wp\/v2\/posts"}],"about":[{"href":"https:\/\/www.obispadorqta.org.ar\/v3\/wp-json\/wp\/v2\/types\/post"}],"author":[{"embeddable":true,"href":"https:\/\/www.obispadorqta.org.ar\/v3\/wp-json\/wp\/v2\/users\/3"}],"replies":[{"embeddable":true,"href":"https:\/\/www.obispadorqta.org.ar\/v3\/wp-json\/wp\/v2\/comments?post=6210"}],"version-history":[{"count":3,"href":"https:\/\/www.obispadorqta.org.ar\/v3\/wp-json\/wp\/v2\/posts\/6210\/revisions"}],"predecessor-version":[{"id":6220,"href":"https:\/\/www.obispadorqta.org.ar\/v3\/wp-json\/wp\/v2\/posts\/6210\/revisions\/6220"}],"wp:featuredmedia":[{"embeddable":true,"href":"https:\/\/www.obispadorqta.org.ar\/v3\/wp-json\/wp\/v2\/media\/6219"}],"wp:attachment":[{"href":"https:\/\/www.obispadorqta.org.ar\/v3\/wp-json\/wp\/v2\/media?parent=6210"}],"wp:term":[{"taxonomy":"category","embeddable":true,"href":"https:\/\/www.obispadorqta.org.ar\/v3\/wp-json\/wp\/v2\/categories?post=6210"},{"taxonomy":"post_tag","embeddable":true,"href":"https:\/\/www.obispadorqta.org.ar\/v3\/wp-json\/wp\/v2\/tags?post=6210"}],"curies":[{"name":"wp","href":"https:\/\/api.w.org\/{rel}","templated":true}]}}