{"id":6224,"date":"2021-03-23T09:24:46","date_gmt":"2021-03-23T12:24:46","guid":{"rendered":"http:\/\/www.obispadorqta.org.ar\/v3\/?p=6224"},"modified":"2021-03-23T09:24:56","modified_gmt":"2021-03-23T12:24:56","slug":"invitacion-del-departamento-de-laicos-deplai","status":"publish","type":"post","link":"https:\/\/www.obispadorqta.org.ar\/v3\/invitacion-del-departamento-de-laicos-deplai\/","title":{"rendered":"Invitaci\u00f3n del Departamento de Laicos (DEPLAI)"},"content":{"rendered":"<p style=\"text-align: justify;\">El departamento de Laicos (DEPLAI), organismo perteneciente a la Comisi\u00f3n Episcopal de Laicos y Familia (CELAF), invita a participar del proceso de escucha al Pueblo de Dios para la Asamblea Eclesial de Am\u00e9rica Latina y el Caribe.<\/p>\n<p style=\"text-align: justify;\">La reuni\u00f3n de realizar\u00e1 este martes 23 de marzo a las 19 hs, atrav\u00e9s de la plataforma Zoom.<\/p>\n<p style=\"text-align: justify;\">Para poder participar, inscribirse enviando un mail a:\u00a0<a href=\"mailto:deplai@cea.org.ar\">deplai@cea.org.ar<\/a><\/p>\n<p><img loading=\"lazy\" decoding=\"async\" class=\"aligncenter size-full wp-image-6226\" src=\"https:\/\/www.obispadorqta.org.ar\/v3\/wp-content\/uploads\/2021\/03\/159289964_4049681175075311_9040533745138590998_n.jpg\" alt=\"\" width=\"900\" height=\"900\" srcset=\"https:\/\/www.obispadorqta.org.ar\/v3\/wp-content\/uploads\/2021\/03\/159289964_4049681175075311_9040533745138590998_n.jpg 900w, https:\/\/www.obispadorqta.org.ar\/v3\/wp-content\/uploads\/2021\/03\/159289964_4049681175075311_9040533745138590998_n-300x300.jpg 300w, https:\/\/www.obispadorqta.org.ar\/v3\/wp-content\/uploads\/2021\/03\/159289964_4049681175075311_9040533745138590998_n-150x150.jpg 150w, https:\/\/www.obispadorqta.org.ar\/v3\/wp-content\/uploads\/2021\/03\/159289964_4049681175075311_9040533745138590998_n-768x768.jpg 768w\" sizes=\"auto, (max-width: 900px) 100vw, 900px\" \/><\/p>\n","protected":false},"excerpt":{"rendered":"<div class=\"mh-excerpt\"><p>El departamento de Laicos (DEPLAI), organismo perteneciente a la Comisi\u00f3n Episcopal de Laicos y Familia (CELAF), invita a participar del proceso de escucha al Pueblo <a class=\"mh-excerpt-more\" href=\"https:\/\/www.obispadorqta.org.ar\/v3\/invitacion-del-departamento-de-laicos-deplai\/\" title=\"Invitaci\u00f3n del Departamento de Laicos (DEPLAI)\">[&#8230;]<\/a><\/p>\n<\/div>","protected":false},"author":2,"featured_media":6225,"comment_status":"closed","ping_status":"open","sticky":false,"template":"","format":"standard","meta":{"footnotes":""},"categories":[6,28],"tags":[],"class_list":["post-6224","post","type-post","status-publish","format-standard","has-post-thumbnail","hentry","category-news","category-latest-news"],"_links":{"self":[{"href":"https:\/\/www.obispadorqta.org.ar\/v3\/wp-json\/wp\/v2\/posts\/6224","targetHints":{"allow":["GET"]}}],"collection":[{"href":"https:\/\/www.obispadorqta.org.ar\/v3\/wp-json\/wp\/v2\/posts"}],"about":[{"href":"https:\/\/www.obispadorqta.org.ar\/v3\/wp-json\/wp\/v2\/types\/post"}],"author":[{"embeddable":true,"href":"https:\/\/www.obispadorqta.org.ar\/v3\/wp-json\/wp\/v2\/users\/2"}],"replies":[{"embeddable":true,"href":"https:\/\/www.obispadorqta.org.ar\/v3\/wp-json\/wp\/v2\/comments?post=6224"}],"version-history":[{"count":1,"href":"https:\/\/www.obispadorqta.org.ar\/v3\/wp-json\/wp\/v2\/posts\/6224\/revisions"}],"predecessor-version":[{"id":6227,"href":"https:\/\/www.obispadorqta.org.ar\/v3\/wp-json\/wp\/v2\/posts\/6224\/revisions\/6227"}],"wp:featuredmedia":[{"embeddable":true,"href":"https:\/\/www.obispadorqta.org.ar\/v3\/wp-json\/wp\/v2\/media\/6225"}],"wp:attachment":[{"href":"https:\/\/www.obispadorqta.org.ar\/v3\/wp-json\/wp\/v2\/media?parent=6224"}],"wp:term":[{"taxonomy":"category","embeddable":true,"href":"https:\/\/www.obispadorqta.org.ar\/v3\/wp-json\/wp\/v2\/categories?post=6224"},{"taxonomy":"post_tag","embeddable":true,"href":"https:\/\/www.obispadorqta.org.ar\/v3\/wp-json\/wp\/v2\/tags?post=6224"}],"curies":[{"name":"wp","href":"https:\/\/api.w.org\/{rel}","templated":true}]}}