{"id":6232,"date":"2021-03-23T11:49:03","date_gmt":"2021-03-23T14:49:03","guid":{"rendered":"http:\/\/www.obispadorqta.org.ar\/v3\/?p=6232"},"modified":"2021-03-23T11:51:16","modified_gmt":"2021-03-23T14:51:16","slug":"dia-del-nino-por-nacer","status":"publish","type":"post","link":"https:\/\/www.obispadorqta.org.ar\/v3\/dia-del-nino-por-nacer\/","title":{"rendered":"D\u00eda del ni\u00f1o por nacer"},"content":{"rendered":"<p style=\"text-align: justify;\">El d\u00eda 25 de marzo, d\u00eda del ni\u00f1o por nacer, se llevar\u00e1 a cabo una jornada de oraci\u00f3n ecum\u00e9nica.<\/p>\n<p style=\"text-align: justify;\">La misma comenzar\u00e1 a la 07 hs., y continuar\u00e1 hasta las 19 hs.,&nbsp;en la vereda del Hospital Central de Reconquista, y contar\u00e1 con la presencia de ministros de los distintos cultos y credos de la regi\u00f3n.<\/p>\n","protected":false},"excerpt":{"rendered":"<div class=\"mh-excerpt\"><p>El d\u00eda 25 de marzo, d\u00eda del ni\u00f1o por nacer, se llevar\u00e1 a cabo una jornada de oraci\u00f3n ecum\u00e9nica. La misma comenzar\u00e1 a la 07 <a class=\"mh-excerpt-more\" href=\"https:\/\/www.obispadorqta.org.ar\/v3\/dia-del-nino-por-nacer\/\" title=\"D\u00eda del ni\u00f1o por nacer\">[&#8230;]<\/a><\/p>\n<\/div>","protected":false},"author":2,"featured_media":6235,"comment_status":"closed","ping_status":"open","sticky":false,"template":"","format":"standard","meta":{"footnotes":""},"categories":[6,28],"tags":[],"class_list":["post-6232","post","type-post","status-publish","format-standard","has-post-thumbnail","hentry","category-news","category-latest-news"],"_links":{"self":[{"href":"https:\/\/www.obispadorqta.org.ar\/v3\/wp-json\/wp\/v2\/posts\/6232","targetHints":{"allow":["GET"]}}],"collection":[{"href":"https:\/\/www.obispadorqta.org.ar\/v3\/wp-json\/wp\/v2\/posts"}],"about":[{"href":"https:\/\/www.obispadorqta.org.ar\/v3\/wp-json\/wp\/v2\/types\/post"}],"author":[{"embeddable":true,"href":"https:\/\/www.obispadorqta.org.ar\/v3\/wp-json\/wp\/v2\/users\/2"}],"replies":[{"embeddable":true,"href":"https:\/\/www.obispadorqta.org.ar\/v3\/wp-json\/wp\/v2\/comments?post=6232"}],"version-history":[{"count":3,"href":"https:\/\/www.obispadorqta.org.ar\/v3\/wp-json\/wp\/v2\/posts\/6232\/revisions"}],"predecessor-version":[{"id":6237,"href":"https:\/\/www.obispadorqta.org.ar\/v3\/wp-json\/wp\/v2\/posts\/6232\/revisions\/6237"}],"wp:featuredmedia":[{"embeddable":true,"href":"https:\/\/www.obispadorqta.org.ar\/v3\/wp-json\/wp\/v2\/media\/6235"}],"wp:attachment":[{"href":"https:\/\/www.obispadorqta.org.ar\/v3\/wp-json\/wp\/v2\/media?parent=6232"}],"wp:term":[{"taxonomy":"category","embeddable":true,"href":"https:\/\/www.obispadorqta.org.ar\/v3\/wp-json\/wp\/v2\/categories?post=6232"},{"taxonomy":"post_tag","embeddable":true,"href":"https:\/\/www.obispadorqta.org.ar\/v3\/wp-json\/wp\/v2\/tags?post=6232"}],"curies":[{"name":"wp","href":"https:\/\/api.w.org\/{rel}","templated":true}]}}