{"id":6239,"date":"2021-03-25T12:38:37","date_gmt":"2021-03-25T15:38:37","guid":{"rendered":"http:\/\/www.obispadorqta.org.ar\/v3\/?p=6239"},"modified":"2021-03-26T12:16:43","modified_gmt":"2021-03-26T15:16:43","slug":"ministerio-del-acolitado-3","status":"publish","type":"post","link":"https:\/\/www.obispadorqta.org.ar\/v3\/ministerio-del-acolitado-3\/","title":{"rendered":"MINISTERIO DEL ACOLITADO"},"content":{"rendered":"<div style=\"text-align: justify;\">El viernes 26 de Marzo, a las 19:00 hs., en la Iglesia Catedral de Reconquista, el Obispo Diocesano, Mons. \u00c1ngel Jos\u00e9 Mac\u00edn, conferir\u00e1 el ministerio del acolitado a los lectores<b>\u00a0Luciano Carneiro<\/b>, en camino al sacerdocio, y a\u00a0<b>Jorge Ben\u00edtez<\/b>, en camino al Diaconado Permanente.<\/div>\n<div>\u00a0<\/div>\n<div style=\"text-align: justify;\">En los umbrales de la Semana Central del a\u00f1o lit\u00fargico, nos alegramos de compartir esta alegr\u00eda. El ministerio del acolitado vincula al servicio del altar de un modo permanente, y establece un lazo m\u00e1s hondo con el misterio eucar\u00edstico.<\/div>\n<div>\u00a0<\/div>\n<div style=\"text-align: justify;\">Invitamos a todos a acrecentar nuestra oraci\u00f3n por las vocaciones.<\/div>\n\n\n<p><\/p>\n","protected":false},"excerpt":{"rendered":"<div class=\"mh-excerpt\"><p>El viernes 26 de Marzo, a las 19:00 hs., en la Iglesia Catedral de Reconquista, el Obispo Diocesano, Mons. \u00c1ngel Jos\u00e9 Mac\u00edn, conferir\u00e1 el ministerio <a class=\"mh-excerpt-more\" href=\"https:\/\/www.obispadorqta.org.ar\/v3\/ministerio-del-acolitado-3\/\" title=\"MINISTERIO DEL ACOLITADO\">[&#8230;]<\/a><\/p>\n<\/div>","protected":false},"author":3,"featured_media":6247,"comment_status":"closed","ping_status":"open","sticky":false,"template":"","format":"standard","meta":{"footnotes":""},"categories":[6,28],"tags":[],"class_list":["post-6239","post","type-post","status-publish","format-standard","has-post-thumbnail","hentry","category-news","category-latest-news"],"_links":{"self":[{"href":"https:\/\/www.obispadorqta.org.ar\/v3\/wp-json\/wp\/v2\/posts\/6239","targetHints":{"allow":["GET"]}}],"collection":[{"href":"https:\/\/www.obispadorqta.org.ar\/v3\/wp-json\/wp\/v2\/posts"}],"about":[{"href":"https:\/\/www.obispadorqta.org.ar\/v3\/wp-json\/wp\/v2\/types\/post"}],"author":[{"embeddable":true,"href":"https:\/\/www.obispadorqta.org.ar\/v3\/wp-json\/wp\/v2\/users\/3"}],"replies":[{"embeddable":true,"href":"https:\/\/www.obispadorqta.org.ar\/v3\/wp-json\/wp\/v2\/comments?post=6239"}],"version-history":[{"count":5,"href":"https:\/\/www.obispadorqta.org.ar\/v3\/wp-json\/wp\/v2\/posts\/6239\/revisions"}],"predecessor-version":[{"id":6249,"href":"https:\/\/www.obispadorqta.org.ar\/v3\/wp-json\/wp\/v2\/posts\/6239\/revisions\/6249"}],"wp:featuredmedia":[{"embeddable":true,"href":"https:\/\/www.obispadorqta.org.ar\/v3\/wp-json\/wp\/v2\/media\/6247"}],"wp:attachment":[{"href":"https:\/\/www.obispadorqta.org.ar\/v3\/wp-json\/wp\/v2\/media?parent=6239"}],"wp:term":[{"taxonomy":"category","embeddable":true,"href":"https:\/\/www.obispadorqta.org.ar\/v3\/wp-json\/wp\/v2\/categories?post=6239"},{"taxonomy":"post_tag","embeddable":true,"href":"https:\/\/www.obispadorqta.org.ar\/v3\/wp-json\/wp\/v2\/tags?post=6239"}],"curies":[{"name":"wp","href":"https:\/\/api.w.org\/{rel}","templated":true}]}}