{"id":6265,"date":"2021-03-30T10:06:57","date_gmt":"2021-03-30T13:06:57","guid":{"rendered":"http:\/\/www.obispadorqta.org.ar\/v3\/?p=6265"},"modified":"2021-03-30T10:49:08","modified_gmt":"2021-03-30T13:49:08","slug":"misa-crismal-6","status":"publish","type":"post","link":"https:\/\/www.obispadorqta.org.ar\/v3\/misa-crismal-6\/","title":{"rendered":"MISA CRISMAL"},"content":{"rendered":"<p style=\"text-align: justify;\">La misa crismal, presidida por el obispo y concelebrada por los sacerdotes de la di\u00f3cesis, es la celebraci\u00f3n en la que los presb\u00edteros renuevan las promesas sacerdotales, donde se consagra el Santo Crisma, con el que son ungidos los bautizados, los confirmandos y las manos de los sacerdotes y se bendicen los \u00f3leos de los catec\u00famenos y de los enfermos.<\/p>\n<p style=\"text-align: justify;\">Ordinariamente, esta misa la realizamos en la catedral de nuestra di\u00f3cesis el Mi\u00e9rcoles Santo pero, teniendo en cuenta la situaci\u00f3n que vivimos por la pandemia, por razones pastorales y buscando ser una iglesia en salida, este a\u00f1o, se har\u00e1 en el patio del Colegio Zuvir\u00eda -Parroquia Ntra. Sra. de la Merced de Avellaneda- a las 20:00 hs.<\/p>\n","protected":false},"excerpt":{"rendered":"<div class=\"mh-excerpt\"><p>La misa crismal, presidida por el obispo y concelebrada por los sacerdotes de la di\u00f3cesis, es la celebraci\u00f3n en la que los presb\u00edteros renuevan las <a class=\"mh-excerpt-more\" href=\"https:\/\/www.obispadorqta.org.ar\/v3\/misa-crismal-6\/\" title=\"MISA CRISMAL\">[&#8230;]<\/a><\/p>\n<\/div>","protected":false},"author":3,"featured_media":6275,"comment_status":"closed","ping_status":"open","sticky":false,"template":"","format":"standard","meta":{"footnotes":""},"categories":[6,28],"tags":[],"class_list":["post-6265","post","type-post","status-publish","format-standard","has-post-thumbnail","hentry","category-news","category-latest-news"],"_links":{"self":[{"href":"https:\/\/www.obispadorqta.org.ar\/v3\/wp-json\/wp\/v2\/posts\/6265","targetHints":{"allow":["GET"]}}],"collection":[{"href":"https:\/\/www.obispadorqta.org.ar\/v3\/wp-json\/wp\/v2\/posts"}],"about":[{"href":"https:\/\/www.obispadorqta.org.ar\/v3\/wp-json\/wp\/v2\/types\/post"}],"author":[{"embeddable":true,"href":"https:\/\/www.obispadorqta.org.ar\/v3\/wp-json\/wp\/v2\/users\/3"}],"replies":[{"embeddable":true,"href":"https:\/\/www.obispadorqta.org.ar\/v3\/wp-json\/wp\/v2\/comments?post=6265"}],"version-history":[{"count":1,"href":"https:\/\/www.obispadorqta.org.ar\/v3\/wp-json\/wp\/v2\/posts\/6265\/revisions"}],"predecessor-version":[{"id":6267,"href":"https:\/\/www.obispadorqta.org.ar\/v3\/wp-json\/wp\/v2\/posts\/6265\/revisions\/6267"}],"wp:featuredmedia":[{"embeddable":true,"href":"https:\/\/www.obispadorqta.org.ar\/v3\/wp-json\/wp\/v2\/media\/6275"}],"wp:attachment":[{"href":"https:\/\/www.obispadorqta.org.ar\/v3\/wp-json\/wp\/v2\/media?parent=6265"}],"wp:term":[{"taxonomy":"category","embeddable":true,"href":"https:\/\/www.obispadorqta.org.ar\/v3\/wp-json\/wp\/v2\/categories?post=6265"},{"taxonomy":"post_tag","embeddable":true,"href":"https:\/\/www.obispadorqta.org.ar\/v3\/wp-json\/wp\/v2\/tags?post=6265"}],"curies":[{"name":"wp","href":"https:\/\/api.w.org\/{rel}","templated":true}]}}