{"id":6277,"date":"2021-03-31T19:11:53","date_gmt":"2021-03-31T22:11:53","guid":{"rendered":"http:\/\/www.obispadorqta.org.ar\/v3\/?p=6277"},"modified":"2021-03-31T19:14:22","modified_gmt":"2021-03-31T22:14:22","slug":"fallecio-monsenor-fabriciano-sigampa","status":"publish","type":"post","link":"https:\/\/www.obispadorqta.org.ar\/v3\/fallecio-monsenor-fabriciano-sigampa\/","title":{"rendered":"FALLECI\u00d3 MONSE\u00d1OR FABRICIANO SIGAMPA"},"content":{"rendered":"<p style=\"text-align: justify;\">Con profundo pesar, la Iglesia de Reconquista, comunica el fallecimiento de quien fuera el segundo obispo de la di\u00f3cesis, Monse\u00f1or Fabriciano Sigampa.<\/p>\n<p style=\"text-align: justify;\">Monse\u00f1or Sigampa, Arzobispo Em\u00e9rito de Resistencia, naci\u00f3 el 15 de septiembre de 1936 en Vichigasta, La Rioja. Termin\u00f3 el Colegio Secundario con el T\u00edtulo de Maestro, actividad que ejerci\u00f3 hasta ingresar al Seminario de C\u00f3rdoba en 1963. Fue ordenado Sacerdote en 1970. Su primer destino Pastoral fue la Parroquia de Aimogasta, La Rioja, donde estuvo hasta el a\u00f1o 1976. Entre 1977 y 1980, fue P\u00e1rroco de la Parroquia \u00abNuestra Se\u00f1ora de F\u00e1tima\u00bb en La Rioja. Al mismo tiempo fue Secretario Canciller del Obispado de La Rioja. Luego fue Vicario General. Su ordenaci\u00f3n Episcopal fue el 03 de mayo de 1985 en La Rioja y Tom\u00f3 Posesi\u00f3n el 19 de mayo de 1985 en la Iglesia Catedral de Reconquista. Eligi\u00f3 como lema para su ministerio, la frase evang\u00e9lica \u00ab<em>Al\u00e9grense en el Se\u00f1or\u00bb<\/em>. Fue trasladado como Obispo de\u00a0La Rioja\u00a0el 30 de diciembre de 1992, y Tom\u00f3 posesi\u00f3n el 25 de marzo de 1993.<\/p>\n<p style=\"text-align: justify;\">Agradecemos al Se\u00f1or por la generosa y extensa labor de Monse\u00f1or Fabriciano Sigampa, y pedimos a Dios que le conceda la luz y la paz que no tienen fin a quien \u00abpara muchos ha sido un padre, un amigo y un hermano\u00bb.<\/p>\n","protected":false},"excerpt":{"rendered":"<div class=\"mh-excerpt\"><p>Con profundo pesar, la Iglesia de Reconquista, comunica el fallecimiento de quien fuera el segundo obispo de la di\u00f3cesis, Monse\u00f1or Fabriciano Sigampa. Monse\u00f1or Sigampa, Arzobispo <a class=\"mh-excerpt-more\" href=\"https:\/\/www.obispadorqta.org.ar\/v3\/fallecio-monsenor-fabriciano-sigampa\/\" title=\"FALLECI\u00d3 MONSE\u00d1OR FABRICIANO SIGAMPA\">[&#8230;]<\/a><\/p>\n<\/div>","protected":false},"author":2,"featured_media":6278,"comment_status":"closed","ping_status":"open","sticky":false,"template":"","format":"standard","meta":{"footnotes":""},"categories":[6,28],"tags":[],"class_list":["post-6277","post","type-post","status-publish","format-standard","has-post-thumbnail","hentry","category-news","category-latest-news"],"_links":{"self":[{"href":"https:\/\/www.obispadorqta.org.ar\/v3\/wp-json\/wp\/v2\/posts\/6277","targetHints":{"allow":["GET"]}}],"collection":[{"href":"https:\/\/www.obispadorqta.org.ar\/v3\/wp-json\/wp\/v2\/posts"}],"about":[{"href":"https:\/\/www.obispadorqta.org.ar\/v3\/wp-json\/wp\/v2\/types\/post"}],"author":[{"embeddable":true,"href":"https:\/\/www.obispadorqta.org.ar\/v3\/wp-json\/wp\/v2\/users\/2"}],"replies":[{"embeddable":true,"href":"https:\/\/www.obispadorqta.org.ar\/v3\/wp-json\/wp\/v2\/comments?post=6277"}],"version-history":[{"count":2,"href":"https:\/\/www.obispadorqta.org.ar\/v3\/wp-json\/wp\/v2\/posts\/6277\/revisions"}],"predecessor-version":[{"id":6280,"href":"https:\/\/www.obispadorqta.org.ar\/v3\/wp-json\/wp\/v2\/posts\/6277\/revisions\/6280"}],"wp:featuredmedia":[{"embeddable":true,"href":"https:\/\/www.obispadorqta.org.ar\/v3\/wp-json\/wp\/v2\/media\/6278"}],"wp:attachment":[{"href":"https:\/\/www.obispadorqta.org.ar\/v3\/wp-json\/wp\/v2\/media?parent=6277"}],"wp:term":[{"taxonomy":"category","embeddable":true,"href":"https:\/\/www.obispadorqta.org.ar\/v3\/wp-json\/wp\/v2\/categories?post=6277"},{"taxonomy":"post_tag","embeddable":true,"href":"https:\/\/www.obispadorqta.org.ar\/v3\/wp-json\/wp\/v2\/tags?post=6277"}],"curies":[{"name":"wp","href":"https:\/\/api.w.org\/{rel}","templated":true}]}}