{"id":6291,"date":"2021-04-05T10:38:51","date_gmt":"2021-04-05T13:38:51","guid":{"rendered":"http:\/\/www.obispadorqta.org.ar\/v3\/?p=6291"},"modified":"2021-04-05T10:39:05","modified_gmt":"2021-04-05T13:39:05","slug":"ministerio-del-acolitado-4","status":"publish","type":"post","link":"https:\/\/www.obispadorqta.org.ar\/v3\/ministerio-del-acolitado-4\/","title":{"rendered":"Ministerio del Acolitado"},"content":{"rendered":"<p style=\"text-align: justify;\">Con alegr\u00eda informamos que el pr\u00f3ximo 08 de abril, el Obispo Diocesano, Mons. Dr. \u00c1ngel Jos\u00e9 Mac\u00edn, conferir\u00e1 al Lector en camino al sacerdocio, Nicol\u00e1s Mart\u00edn Lastra, el ministerio del Acolitado.<\/p>\n<p style=\"text-align: justify;\">La celebraci\u00f3n se llevar\u00e1 a cabo en la parroquia \u00abNuestra Se\u00f1ora de la Merced\u00bb, de la ciudad de Avellaneda, a las 20 hs.<\/p>\n<p style=\"text-align: justify;\">Recordamos que el ministerio del Acolitado vincula al servicio del altar de un modo permanente, y establece un lazo m\u00e1s hondo con el misterio eucar\u00edstico.<\/p>\n<p style=\"text-align: justify;\">Agradecemos al Se\u00f1or por este nuevo ministerio de Nicol\u00e1s e invitamos a continuar orando por las vocaciones.<\/p>\n","protected":false},"excerpt":{"rendered":"<div class=\"mh-excerpt\"><p>Con alegr\u00eda informamos que el pr\u00f3ximo 08 de abril, el Obispo Diocesano, Mons. Dr. \u00c1ngel Jos\u00e9 Mac\u00edn, conferir\u00e1 al Lector en camino al sacerdocio, Nicol\u00e1s <a class=\"mh-excerpt-more\" href=\"https:\/\/www.obispadorqta.org.ar\/v3\/ministerio-del-acolitado-4\/\" title=\"Ministerio del Acolitado\">[&#8230;]<\/a><\/p>\n<\/div>","protected":false},"author":2,"featured_media":2600,"comment_status":"closed","ping_status":"open","sticky":false,"template":"","format":"standard","meta":{"footnotes":""},"categories":[6,28],"tags":[],"class_list":["post-6291","post","type-post","status-publish","format-standard","has-post-thumbnail","hentry","category-news","category-latest-news"],"_links":{"self":[{"href":"https:\/\/www.obispadorqta.org.ar\/v3\/wp-json\/wp\/v2\/posts\/6291","targetHints":{"allow":["GET"]}}],"collection":[{"href":"https:\/\/www.obispadorqta.org.ar\/v3\/wp-json\/wp\/v2\/posts"}],"about":[{"href":"https:\/\/www.obispadorqta.org.ar\/v3\/wp-json\/wp\/v2\/types\/post"}],"author":[{"embeddable":true,"href":"https:\/\/www.obispadorqta.org.ar\/v3\/wp-json\/wp\/v2\/users\/2"}],"replies":[{"embeddable":true,"href":"https:\/\/www.obispadorqta.org.ar\/v3\/wp-json\/wp\/v2\/comments?post=6291"}],"version-history":[{"count":2,"href":"https:\/\/www.obispadorqta.org.ar\/v3\/wp-json\/wp\/v2\/posts\/6291\/revisions"}],"predecessor-version":[{"id":6295,"href":"https:\/\/www.obispadorqta.org.ar\/v3\/wp-json\/wp\/v2\/posts\/6291\/revisions\/6295"}],"wp:featuredmedia":[{"embeddable":true,"href":"https:\/\/www.obispadorqta.org.ar\/v3\/wp-json\/wp\/v2\/media\/2600"}],"wp:attachment":[{"href":"https:\/\/www.obispadorqta.org.ar\/v3\/wp-json\/wp\/v2\/media?parent=6291"}],"wp:term":[{"taxonomy":"category","embeddable":true,"href":"https:\/\/www.obispadorqta.org.ar\/v3\/wp-json\/wp\/v2\/categories?post=6291"},{"taxonomy":"post_tag","embeddable":true,"href":"https:\/\/www.obispadorqta.org.ar\/v3\/wp-json\/wp\/v2\/tags?post=6291"}],"curies":[{"name":"wp","href":"https:\/\/api.w.org\/{rel}","templated":true}]}}