{"id":6297,"date":"2021-04-10T18:38:40","date_gmt":"2021-04-10T21:38:40","guid":{"rendered":"http:\/\/www.obispadorqta.org.ar\/v3\/?p=6297"},"modified":"2021-04-10T18:38:49","modified_gmt":"2021-04-10T21:38:49","slug":"fallecimiento-del-p-aldo-martini","status":"publish","type":"post","link":"https:\/\/www.obispadorqta.org.ar\/v3\/fallecimiento-del-p-aldo-martini\/","title":{"rendered":"Fallecimiento del P. Aldo Martini"},"content":{"rendered":"<p style=\"text-align: justify;\">Con profundo pesar el Obispado de Reconquista comunica que, en el d\u00eda de la fecha, a las 16:00 hs. aproximadamente, parti\u00f3 hacia la casa del Padre, el Pbro. Aldo Eugenio Martini, a los 92 a\u00f1os de edad.<\/p>\n<p style=\"text-align: justify;\">El Padre Aldo hab\u00eda sufrido una descompensaci\u00f3n luego de la celebraci\u00f3n de la Vigilia Pascual, y tuvo que ser internado en un centro de salud de la ciudad. Despu\u00e9s de una serie de estudios se le puso un marcapasos y dado de alta sigui\u00f3 su rehabilitaci\u00f3n en la casa parroquial de la Catedral de Reconquista, donde falleci\u00f3 en el d\u00eda de la fecha.<\/p>\n<p style=\"text-align: justify;\">Cumpliendo con el protocolo establecido en este tiempo, sus restos mortales ser\u00e1n velados ma\u00f1ana 11 de abril, desde las 07:30 a 09:30hs. en la Catedral de Reconquista, y luego su cuerpo ser\u00e1 trasladado hasta el Cementerio Municipal de Reconquista, donde ser\u00e1 sepultado en el pante\u00f3n de los sacerdotes.<\/p>\n<p style=\"text-align: justify;\">Agradecemos al Se\u00f1or por la entrega y el servicio generoso del Padre Martini. Saludamos con afecto y gratitud a la Parroquia Inmaculada, a los sacerdotes, seminaristas, a los hermanos que durante este tiempo han estado cerca y cuidado al Padre Aldo, como tambi\u00e9n extendemos nuestro agradecimiento al personal de salud del Sanatorio P. P\u00edo por los cuidados que ha recibido durante su internaci\u00f3n. As\u00ed mismo, agradecemos a las comunidades donde \u00e9l ejerci\u00f3 su ministerio e invitamos a todos a unirnos en oraci\u00f3n por su eterno descanso.<\/p>\n<p>Sede Episcopal de Reconquista, 10 de abril de 2021.<\/p>\n<p>Mons. Silvio O. Fabbro\u00a0 \u00a0 \u00a0 \u00a0 \u00a0 \u00a0 \u00a0 \u00a0 \u00a0 \u00a0 \u00a0 \u00a0 \u00a0 \u00a0 \u00a0 \u00a0 \u00a0 \u00a0 \u00a0 \u00a0 \u00a0 \u00a0 \u00a0 \u00a0 Mons. Dr. \u00c1ngel Jos\u00e9 Mac\u00edn<br \/>\nVicario General\u00a0 \u00a0 \u00a0 \u00a0 \u00a0 \u00a0 \u00a0 \u00a0 \u00a0 \u00a0 \u00a0 \u00a0 \u00a0 \u00a0 \u00a0 \u00a0 \u00a0 \u00a0 \u00a0 \u00a0 \u00a0 \u00a0 \u00a0 \u00a0 \u00a0 \u00a0 \u00a0 \u00a0 \u00a0 \u00a0 \u00a0 \u00a0Obispo de Reconquista<\/p>\n","protected":false},"excerpt":{"rendered":"<div class=\"mh-excerpt\"><p>Con profundo pesar el Obispado de Reconquista comunica que, en el d\u00eda de la fecha, a las 16:00 hs. aproximadamente, parti\u00f3 hacia la casa del <a class=\"mh-excerpt-more\" href=\"https:\/\/www.obispadorqta.org.ar\/v3\/fallecimiento-del-p-aldo-martini\/\" title=\"Fallecimiento del P. Aldo Martini\">[&#8230;]<\/a><\/p>\n<\/div>","protected":false},"author":2,"featured_media":6289,"comment_status":"closed","ping_status":"open","sticky":false,"template":"","format":"standard","meta":{"footnotes":""},"categories":[6,28],"tags":[],"class_list":["post-6297","post","type-post","status-publish","format-standard","has-post-thumbnail","hentry","category-news","category-latest-news"],"_links":{"self":[{"href":"https:\/\/www.obispadorqta.org.ar\/v3\/wp-json\/wp\/v2\/posts\/6297","targetHints":{"allow":["GET"]}}],"collection":[{"href":"https:\/\/www.obispadorqta.org.ar\/v3\/wp-json\/wp\/v2\/posts"}],"about":[{"href":"https:\/\/www.obispadorqta.org.ar\/v3\/wp-json\/wp\/v2\/types\/post"}],"author":[{"embeddable":true,"href":"https:\/\/www.obispadorqta.org.ar\/v3\/wp-json\/wp\/v2\/users\/2"}],"replies":[{"embeddable":true,"href":"https:\/\/www.obispadorqta.org.ar\/v3\/wp-json\/wp\/v2\/comments?post=6297"}],"version-history":[{"count":6,"href":"https:\/\/www.obispadorqta.org.ar\/v3\/wp-json\/wp\/v2\/posts\/6297\/revisions"}],"predecessor-version":[{"id":6303,"href":"https:\/\/www.obispadorqta.org.ar\/v3\/wp-json\/wp\/v2\/posts\/6297\/revisions\/6303"}],"wp:featuredmedia":[{"embeddable":true,"href":"https:\/\/www.obispadorqta.org.ar\/v3\/wp-json\/wp\/v2\/media\/6289"}],"wp:attachment":[{"href":"https:\/\/www.obispadorqta.org.ar\/v3\/wp-json\/wp\/v2\/media?parent=6297"}],"wp:term":[{"taxonomy":"category","embeddable":true,"href":"https:\/\/www.obispadorqta.org.ar\/v3\/wp-json\/wp\/v2\/categories?post=6297"},{"taxonomy":"post_tag","embeddable":true,"href":"https:\/\/www.obispadorqta.org.ar\/v3\/wp-json\/wp\/v2\/tags?post=6297"}],"curies":[{"name":"wp","href":"https:\/\/api.w.org\/{rel}","templated":true}]}}