{"id":63,"date":"2017-03-29T11:42:04","date_gmt":"2017-03-29T11:42:04","guid":{"rendered":"http:\/\/www.obispadorqta.org.ar\/v3\/?p=63"},"modified":"2017-03-30T13:43:54","modified_gmt":"2017-03-30T13:43:54","slug":"algunos-cambios-y-nombramientos-de-sacerdotes-y-diaconos","status":"publish","type":"post","link":"https:\/\/www.obispadorqta.org.ar\/v3\/algunos-cambios-y-nombramientos-de-sacerdotes-y-diaconos\/","title":{"rendered":"Algunos cambios y nombramientos de Sacerdotes y Di\u00e1conos"},"content":{"rendered":"<p style=\"text-align: justify;\"><img loading=\"lazy\" decoding=\"async\" class=\"alignnone size-full wp-image-64 aligncenter\" src=\"https:\/\/www.obispadorqta.org.ar\/v3\/wp-content\/uploads\/2017\/03\/11737964_832672730162553_4123336419338614817_n.jpg\" alt=\"\" width=\"214\" height=\"297\" \/>Despu\u00e9s de haber realizado las consultas correspondientes, y en atenci\u00f3n a un mejor acompa\u00f1amiento pastoral de algunas comunidades, he decidido los siguientes cambios y nombramientos:<\/p>\n<p style=\"text-align: justify;\">P\u00e1rroco de la Parroquia Sagrado Coraz\u00f3n de Jes\u00fas de Villa Guillermina: <strong>Pbro. Omar Abel Faccioli.<\/strong><\/p>\n<p style=\"text-align: justify;\">Administrador Parroquial de la Parroquia Mar\u00eda, Madre de Dios: <strong>Pbro. Javier Ubaldo Pividori.<\/strong><\/p>\n<p style=\"text-align: justify;\">Administrador Parroquial de la Parroquia Sagrado Coraz\u00f3n de Jes\u00fas de Villa Ana: <strong>Pbro. Ariel Fabi\u00e1n Brollo<\/strong> (Seguir\u00e1 colaborando en Avellaneda).<\/p>\n<p style=\"text-align: justify;\">Vicario Parroquial de la Parroquia Nuestra Se\u00f1ora de la Merced, de Avellaneda: <strong>Pbro. Guillermo Nicol\u00e1s Ben\u00edtez.<\/strong><\/p>\n<p style=\"text-align: justify;\">Vicario Parroquial de la Parroquia San Juan Bautista de Vera: <strong>Pbro. Luciano Sebasti\u00e1n Molina<\/strong>.<\/p>\n<p style=\"text-align: justify;\">Di\u00e1cono Adscripto a la Parroquia Mar\u00eda, Madre de Dios: <strong>Diac. Jorge Juli\u00e1n Gallard<\/strong>.<\/p>\n<p style=\"text-align: justify;\">Parroquia San Roque de Reconquista: <strong>Ac\u00f3lito Adri\u00e1n Eduardo Fun<\/strong>, quien en algunas semanas ser\u00e1 ordenado Di\u00e1cono, en la ciudad de Vera.<\/p>\n<p style=\"text-align: justify;\">Asesor del Equipo Diocesano de Juventud: <strong>Pbro. Guillermo Nicol\u00e1s Ben\u00edtez.<\/strong><\/p>\n<p style=\"text-align: justify;\">Los mismos se har\u00e1n efectivos despu\u00e9s de la Pascua. Agradezco la disponibilidad de los sacerdotes y la comprensi\u00f3n de todos en este tiempo de cierta insuficiencia de ministros ordenados para las demandas del Pueblo de Dios, y siguiendo la recomendaci\u00f3n que personalmente me ha confiado hace pocos d\u00edas el Papa Francisco, a todos pido oraciones por el aumento de las vocaciones.<\/p>\n<p style=\"text-align: justify;\">Sede Episcopal de Reconquista, 29 de Marzo de 2017<\/p>\n<p>&nbsp;<\/p>\n<p style=\"text-align: right;\">+ Mons. \u00c1ngel Jos\u00e9 Mac\u00edn<\/p>\n<p style=\"text-align: right;\">Obispo de Reconquista<\/p>\n","protected":false},"excerpt":{"rendered":"<div class=\"mh-excerpt\"><p>Despu\u00e9s de haber realizado las consultas correspondientes, y en atenci\u00f3n a un mejor acompa\u00f1amiento pastoral de algunas comunidades, he decidido los siguientes cambios y nombramientos: <a class=\"mh-excerpt-more\" href=\"https:\/\/www.obispadorqta.org.ar\/v3\/algunos-cambios-y-nombramientos-de-sacerdotes-y-diaconos\/\" title=\"Algunos cambios y nombramientos de Sacerdotes y Di\u00e1conos\">[&#8230;]<\/a><\/p>\n<\/div>","protected":false},"author":2,"featured_media":1329,"comment_status":"closed","ping_status":"closed","sticky":false,"template":"","format":"standard","meta":{"footnotes":""},"categories":[28],"tags":[],"class_list":["post-63","post","type-post","status-publish","format-standard","has-post-thumbnail","hentry","category-latest-news"],"_links":{"self":[{"href":"https:\/\/www.obispadorqta.org.ar\/v3\/wp-json\/wp\/v2\/posts\/63","targetHints":{"allow":["GET"]}}],"collection":[{"href":"https:\/\/www.obispadorqta.org.ar\/v3\/wp-json\/wp\/v2\/posts"}],"about":[{"href":"https:\/\/www.obispadorqta.org.ar\/v3\/wp-json\/wp\/v2\/types\/post"}],"author":[{"embeddable":true,"href":"https:\/\/www.obispadorqta.org.ar\/v3\/wp-json\/wp\/v2\/users\/2"}],"replies":[{"embeddable":true,"href":"https:\/\/www.obispadorqta.org.ar\/v3\/wp-json\/wp\/v2\/comments?post=63"}],"version-history":[{"count":1,"href":"https:\/\/www.obispadorqta.org.ar\/v3\/wp-json\/wp\/v2\/posts\/63\/revisions"}],"predecessor-version":[{"id":65,"href":"https:\/\/www.obispadorqta.org.ar\/v3\/wp-json\/wp\/v2\/posts\/63\/revisions\/65"}],"wp:featuredmedia":[{"embeddable":true,"href":"https:\/\/www.obispadorqta.org.ar\/v3\/wp-json\/wp\/v2\/media\/1329"}],"wp:attachment":[{"href":"https:\/\/www.obispadorqta.org.ar\/v3\/wp-json\/wp\/v2\/media?parent=63"}],"wp:term":[{"taxonomy":"category","embeddable":true,"href":"https:\/\/www.obispadorqta.org.ar\/v3\/wp-json\/wp\/v2\/categories?post=63"},{"taxonomy":"post_tag","embeddable":true,"href":"https:\/\/www.obispadorqta.org.ar\/v3\/wp-json\/wp\/v2\/tags?post=63"}],"curies":[{"name":"wp","href":"https:\/\/api.w.org\/{rel}","templated":true}]}}