{"id":6304,"date":"2021-04-14T10:59:24","date_gmt":"2021-04-14T13:59:24","guid":{"rendered":"http:\/\/www.obispadorqta.org.ar\/v3\/?p=6304"},"modified":"2021-04-14T10:59:37","modified_gmt":"2021-04-14T13:59:37","slug":"nuevo-consejo-de-asuntos-economicos-diocesano","status":"publish","type":"post","link":"https:\/\/www.obispadorqta.org.ar\/v3\/nuevo-consejo-de-asuntos-economicos-diocesano\/","title":{"rendered":"NUEVO CONSEJO  DE ASUNTOS ECON\u00d3MICOS DIOCESANO"},"content":{"rendered":"<p style=\"text-align: justify;\">En el d\u00eda de la fecha, 14 de abril de 2021, a las 18 hs., en una celebraci\u00f3n presidida por el Obispo Diocesano, Mons. \u00c1ngel Jos\u00e9 Mac\u00edn, los nuevos miembros del Consejo de Asuntos Econ\u00f3micos de la Di\u00f3cesis har\u00e1n su profesi\u00f3n de fe y juramento de fidelidad.<\/p>\n<p style=\"text-align: justify;\">Es preciso recordar que este organismo es clave en el acompa\u00f1amiento del gobierno de la Di\u00f3cesis en todo lo que se refiere a la gesti\u00f3n econ\u00f3mica, en vistas al sostenimiento de la obra evangelizadora. Adem\u00e1s, es un organismo que, por s\u00ed mismo, expresa una Iglesia de car\u00e1cter sinodal.<\/p>\n<p style=\"text-align: justify;\">La celebraci\u00f3n tendr\u00e1 lugar en la Sede Diocesana, con la presencia de los integrantes del Consejo y un restringido grupo de invitados, siguiendo los protocolos de sanidad vigentes.<\/p>\n<p style=\"text-align: justify;\">Desde el Obispado se quiere agradecer especialmente a Edith Holberg, de Romang, y a Modesto Brandol\u00edn, de Villa Ana, quienes despu\u00e9s de cinco a\u00f1os, han decidido concluir con este servicio. Pedimos al Se\u00f1or que los colme con su gracia.<\/p>\n","protected":false},"excerpt":{"rendered":"<div class=\"mh-excerpt\"><p>En el d\u00eda de la fecha, 14 de abril de 2021, a las 18 hs., en una celebraci\u00f3n presidida por el Obispo Diocesano, Mons. \u00c1ngel <a class=\"mh-excerpt-more\" href=\"https:\/\/www.obispadorqta.org.ar\/v3\/nuevo-consejo-de-asuntos-economicos-diocesano\/\" title=\"NUEVO CONSEJO  DE ASUNTOS ECON\u00d3MICOS DIOCESANO\">[&#8230;]<\/a><\/p>\n<\/div>","protected":false},"author":2,"featured_media":5146,"comment_status":"closed","ping_status":"open","sticky":false,"template":"","format":"standard","meta":{"footnotes":""},"categories":[6,28],"tags":[],"class_list":["post-6304","post","type-post","status-publish","format-standard","has-post-thumbnail","hentry","category-news","category-latest-news"],"_links":{"self":[{"href":"https:\/\/www.obispadorqta.org.ar\/v3\/wp-json\/wp\/v2\/posts\/6304","targetHints":{"allow":["GET"]}}],"collection":[{"href":"https:\/\/www.obispadorqta.org.ar\/v3\/wp-json\/wp\/v2\/posts"}],"about":[{"href":"https:\/\/www.obispadorqta.org.ar\/v3\/wp-json\/wp\/v2\/types\/post"}],"author":[{"embeddable":true,"href":"https:\/\/www.obispadorqta.org.ar\/v3\/wp-json\/wp\/v2\/users\/2"}],"replies":[{"embeddable":true,"href":"https:\/\/www.obispadorqta.org.ar\/v3\/wp-json\/wp\/v2\/comments?post=6304"}],"version-history":[{"count":1,"href":"https:\/\/www.obispadorqta.org.ar\/v3\/wp-json\/wp\/v2\/posts\/6304\/revisions"}],"predecessor-version":[{"id":6305,"href":"https:\/\/www.obispadorqta.org.ar\/v3\/wp-json\/wp\/v2\/posts\/6304\/revisions\/6305"}],"wp:featuredmedia":[{"embeddable":true,"href":"https:\/\/www.obispadorqta.org.ar\/v3\/wp-json\/wp\/v2\/media\/5146"}],"wp:attachment":[{"href":"https:\/\/www.obispadorqta.org.ar\/v3\/wp-json\/wp\/v2\/media?parent=6304"}],"wp:term":[{"taxonomy":"category","embeddable":true,"href":"https:\/\/www.obispadorqta.org.ar\/v3\/wp-json\/wp\/v2\/categories?post=6304"},{"taxonomy":"post_tag","embeddable":true,"href":"https:\/\/www.obispadorqta.org.ar\/v3\/wp-json\/wp\/v2\/tags?post=6304"}],"curies":[{"name":"wp","href":"https:\/\/api.w.org\/{rel}","templated":true}]}}