{"id":6306,"date":"2021-04-14T18:42:30","date_gmt":"2021-04-14T21:42:30","guid":{"rendered":"http:\/\/www.obispadorqta.org.ar\/v3\/?p=6306"},"modified":"2021-04-14T18:44:27","modified_gmt":"2021-04-14T21:44:27","slug":"jornada-de-formacion-y-reflexion-sobre-la-carta-enciclica-fratelli-tutti","status":"publish","type":"post","link":"https:\/\/www.obispadorqta.org.ar\/v3\/jornada-de-formacion-y-reflexion-sobre-la-carta-enciclica-fratelli-tutti\/","title":{"rendered":"Jornada de formaci\u00f3n y reflexi\u00f3n sobre la Carta Enc\u00edclica Fratelli Tutti"},"content":{"rendered":"<p style=\"text-align: justify;\">El equipo Diocesano de Pastoral Social tiene el agrado de invitar a una Jornada de formaci\u00f3n y reflexi\u00f3n sobre la Carta Enc\u00edclica Fratelli Tutti. La cual se realizar\u00e1 de manera virtual y el disertante ser\u00e1 el Pbro. Lic. Germ\u00e1n Ernesto Vallejos.<\/p>\n<div style=\"width: 480px;\" class=\"wp-video\"><video class=\"wp-video-shortcode\" id=\"video-6306-1\" width=\"480\" height=\"360\" preload=\"metadata\" controls=\"controls\"><source type=\"video\/mp4\" src=\"https:\/\/www.obispadorqta.org.ar\/v3\/wp-content\/uploads\/2021\/04\/VID-20210413-WA0007.mp4?_=1\" \/><a href=\"https:\/\/www.obispadorqta.org.ar\/v3\/wp-content\/uploads\/2021\/04\/VID-20210413-WA0007.mp4\">https:\/\/www.obispadorqta.org.ar\/v3\/wp-content\/uploads\/2021\/04\/VID-20210413-WA0007.mp4<\/a><\/video><\/div>\n<p style=\"text-align: justify;\">A aquellos que deseen participar, deber\u00e1n de solicitar el link a la Sra. Luisina Ben\u00edtez, al 3482-615436<\/p>\n<p style=\"text-align: justify;\">Invitamos a participar de esta iniciativa de la Pastoral Social Diocesana, y profundizar en este documento que nos regala nuestro Santo Padre Francisco.<\/p>\n\n\n<p><\/p>\n","protected":false},"excerpt":{"rendered":"<div class=\"mh-excerpt\"><p>El equipo Diocesano de Pastoral Social tiene el agrado de invitar a una Jornada de formaci\u00f3n y reflexi\u00f3n sobre la Carta Enc\u00edclica Fratelli Tutti. La <a class=\"mh-excerpt-more\" href=\"https:\/\/www.obispadorqta.org.ar\/v3\/jornada-de-formacion-y-reflexion-sobre-la-carta-enciclica-fratelli-tutti\/\" title=\"Jornada de formaci\u00f3n y reflexi\u00f3n sobre la Carta Enc\u00edclica Fratelli Tutti\">[&#8230;]<\/a><\/p>\n<\/div>","protected":false},"author":2,"featured_media":6311,"comment_status":"closed","ping_status":"open","sticky":false,"template":"","format":"standard","meta":{"footnotes":""},"categories":[6,28],"tags":[],"class_list":["post-6306","post","type-post","status-publish","format-standard","has-post-thumbnail","hentry","category-news","category-latest-news"],"_links":{"self":[{"href":"https:\/\/www.obispadorqta.org.ar\/v3\/wp-json\/wp\/v2\/posts\/6306","targetHints":{"allow":["GET"]}}],"collection":[{"href":"https:\/\/www.obispadorqta.org.ar\/v3\/wp-json\/wp\/v2\/posts"}],"about":[{"href":"https:\/\/www.obispadorqta.org.ar\/v3\/wp-json\/wp\/v2\/types\/post"}],"author":[{"embeddable":true,"href":"https:\/\/www.obispadorqta.org.ar\/v3\/wp-json\/wp\/v2\/users\/2"}],"replies":[{"embeddable":true,"href":"https:\/\/www.obispadorqta.org.ar\/v3\/wp-json\/wp\/v2\/comments?post=6306"}],"version-history":[{"count":5,"href":"https:\/\/www.obispadorqta.org.ar\/v3\/wp-json\/wp\/v2\/posts\/6306\/revisions"}],"predecessor-version":[{"id":6313,"href":"https:\/\/www.obispadorqta.org.ar\/v3\/wp-json\/wp\/v2\/posts\/6306\/revisions\/6313"}],"wp:featuredmedia":[{"embeddable":true,"href":"https:\/\/www.obispadorqta.org.ar\/v3\/wp-json\/wp\/v2\/media\/6311"}],"wp:attachment":[{"href":"https:\/\/www.obispadorqta.org.ar\/v3\/wp-json\/wp\/v2\/media?parent=6306"}],"wp:term":[{"taxonomy":"category","embeddable":true,"href":"https:\/\/www.obispadorqta.org.ar\/v3\/wp-json\/wp\/v2\/categories?post=6306"},{"taxonomy":"post_tag","embeddable":true,"href":"https:\/\/www.obispadorqta.org.ar\/v3\/wp-json\/wp\/v2\/tags?post=6306"}],"curies":[{"name":"wp","href":"https:\/\/api.w.org\/{rel}","templated":true}]}}