{"id":6314,"date":"2021-04-15T11:15:30","date_gmt":"2021-04-15T14:15:30","guid":{"rendered":"http:\/\/www.obispadorqta.org.ar\/v3\/?p=6314"},"modified":"2021-04-15T11:15:42","modified_gmt":"2021-04-15T14:15:42","slug":"una-buena-noticia","status":"publish","type":"post","link":"https:\/\/www.obispadorqta.org.ar\/v3\/una-buena-noticia\/","title":{"rendered":"Una buena Noticia"},"content":{"rendered":"<p style=\"text-align: justify;\">El 14 de abril a las 18 hs. se llev\u00f3 a cabo en la Sede Diocesana, una breve ceremonia con el fin de dar cumplimiento al Decreto 019\/21 correspondiente al nombramiento de los miembros que conformar\u00e1n el CONSEJO DIOCESANO DE ASUNTOS ECON\u00d3MICOS, por un per\u00edodo de 5 a\u00f1os.<\/p>\n<p><img loading=\"lazy\" decoding=\"async\" class=\"aligncenter size-full wp-image-6316\" src=\"https:\/\/www.obispadorqta.org.ar\/v3\/wp-content\/uploads\/2021\/04\/IMG-20210415-WA0017.jpg\" alt=\"\" width=\"1280\" height=\"960\" srcset=\"https:\/\/www.obispadorqta.org.ar\/v3\/wp-content\/uploads\/2021\/04\/IMG-20210415-WA0017.jpg 1280w, https:\/\/www.obispadorqta.org.ar\/v3\/wp-content\/uploads\/2021\/04\/IMG-20210415-WA0017-300x225.jpg 300w, https:\/\/www.obispadorqta.org.ar\/v3\/wp-content\/uploads\/2021\/04\/IMG-20210415-WA0017-1024x768.jpg 1024w, https:\/\/www.obispadorqta.org.ar\/v3\/wp-content\/uploads\/2021\/04\/IMG-20210415-WA0017-768x576.jpg 768w, https:\/\/www.obispadorqta.org.ar\/v3\/wp-content\/uploads\/2021\/04\/IMG-20210415-WA0017-678x509.jpg 678w, https:\/\/www.obispadorqta.org.ar\/v3\/wp-content\/uploads\/2021\/04\/IMG-20210415-WA0017-326x245.jpg 326w, https:\/\/www.obispadorqta.org.ar\/v3\/wp-content\/uploads\/2021\/04\/IMG-20210415-WA0017-80x60.jpg 80w\" sizes=\"auto, (max-width: 1280px) 100vw, 1280px\" \/><\/p>\n<p style=\"text-align: justify;\">Inici\u00f3 Monse\u00f1or Dr. \u00c1ngel Jos\u00e9 Mac\u00edn dando unas palabras de bienvenida a todos los presentes y en forma especial a los miembros del Nuevo Consejo:<\/p>\n<p style=\"text-align: justify;\">Guillermo E. Romero, Eduardo O. Pagura, Ana Mar\u00eda Prince de la ciudad de Reconquista.<\/p>\n<p style=\"text-align: justify;\">Enzo A. Sandrigo, de la localidad de Guadalupe Norte.<\/p>\n<p style=\"text-align: justify;\">V\u00edctor M. Montenegro, de la localidad de Fort\u00edn Olmos.<\/p>\n<p style=\"text-align: justify;\">Lilia D. Sosa Gerelli de la ciudad de Vera.<\/p>\n<p style=\"text-align: justify;\">Fabiana Della Rosa de la ciudad de Avellaneda.<\/p>\n<p><img loading=\"lazy\" decoding=\"async\" class=\"aligncenter size-full wp-image-6318\" src=\"https:\/\/www.obispadorqta.org.ar\/v3\/wp-content\/uploads\/2021\/04\/IMG-20210415-WA0027.jpg\" alt=\"\" width=\"960\" height=\"1280\" srcset=\"https:\/\/www.obispadorqta.org.ar\/v3\/wp-content\/uploads\/2021\/04\/IMG-20210415-WA0027.jpg 960w, https:\/\/www.obispadorqta.org.ar\/v3\/wp-content\/uploads\/2021\/04\/IMG-20210415-WA0027-225x300.jpg 225w, https:\/\/www.obispadorqta.org.ar\/v3\/wp-content\/uploads\/2021\/04\/IMG-20210415-WA0027-768x1024.jpg 768w\" sizes=\"auto, (max-width: 960px) 100vw, 960px\" \/> <img loading=\"lazy\" decoding=\"async\" class=\"aligncenter size-full wp-image-6319\" src=\"https:\/\/www.obispadorqta.org.ar\/v3\/wp-content\/uploads\/2021\/04\/IMG-20210415-WA0029.jpg\" alt=\"\" width=\"960\" height=\"1280\" srcset=\"https:\/\/www.obispadorqta.org.ar\/v3\/wp-content\/uploads\/2021\/04\/IMG-20210415-WA0029.jpg 960w, https:\/\/www.obispadorqta.org.ar\/v3\/wp-content\/uploads\/2021\/04\/IMG-20210415-WA0029-225x300.jpg 225w, https:\/\/www.obispadorqta.org.ar\/v3\/wp-content\/uploads\/2021\/04\/IMG-20210415-WA0029-768x1024.jpg 768w\" sizes=\"auto, (max-width: 960px) 100vw, 960px\" \/> <img loading=\"lazy\" decoding=\"async\" class=\"aligncenter size-full wp-image-6320\" src=\"https:\/\/www.obispadorqta.org.ar\/v3\/wp-content\/uploads\/2021\/04\/IMG-20210415-WA0030.jpg\" alt=\"\" width=\"960\" height=\"1280\" srcset=\"https:\/\/www.obispadorqta.org.ar\/v3\/wp-content\/uploads\/2021\/04\/IMG-20210415-WA0030.jpg 960w, https:\/\/www.obispadorqta.org.ar\/v3\/wp-content\/uploads\/2021\/04\/IMG-20210415-WA0030-225x300.jpg 225w, https:\/\/www.obispadorqta.org.ar\/v3\/wp-content\/uploads\/2021\/04\/IMG-20210415-WA0030-768x1024.jpg 768w\" sizes=\"auto, (max-width: 960px) 100vw, 960px\" \/> <img loading=\"lazy\" decoding=\"async\" class=\"aligncenter size-full wp-image-6321\" src=\"https:\/\/www.obispadorqta.org.ar\/v3\/wp-content\/uploads\/2021\/04\/IMG-20210415-WA0031.jpg\" alt=\"\" width=\"960\" height=\"1280\" srcset=\"https:\/\/www.obispadorqta.org.ar\/v3\/wp-content\/uploads\/2021\/04\/IMG-20210415-WA0031.jpg 960w, https:\/\/www.obispadorqta.org.ar\/v3\/wp-content\/uploads\/2021\/04\/IMG-20210415-WA0031-225x300.jpg 225w, https:\/\/www.obispadorqta.org.ar\/v3\/wp-content\/uploads\/2021\/04\/IMG-20210415-WA0031-768x1024.jpg 768w\" sizes=\"auto, (max-width: 960px) 100vw, 960px\" \/> <img loading=\"lazy\" decoding=\"async\" class=\"aligncenter size-full wp-image-6322\" src=\"https:\/\/www.obispadorqta.org.ar\/v3\/wp-content\/uploads\/2021\/04\/IMG-20210415-WA0036.jpg\" alt=\"\" width=\"960\" height=\"1280\" srcset=\"https:\/\/www.obispadorqta.org.ar\/v3\/wp-content\/uploads\/2021\/04\/IMG-20210415-WA0036.jpg 960w, https:\/\/www.obispadorqta.org.ar\/v3\/wp-content\/uploads\/2021\/04\/IMG-20210415-WA0036-225x300.jpg 225w, https:\/\/www.obispadorqta.org.ar\/v3\/wp-content\/uploads\/2021\/04\/IMG-20210415-WA0036-768x1024.jpg 768w\" sizes=\"auto, (max-width: 960px) 100vw, 960px\" \/> <img loading=\"lazy\" decoding=\"async\" class=\"aligncenter size-full wp-image-6323\" src=\"https:\/\/www.obispadorqta.org.ar\/v3\/wp-content\/uploads\/2021\/04\/IMG-20210415-WA0037.jpg\" alt=\"\" width=\"960\" height=\"1280\" srcset=\"https:\/\/www.obispadorqta.org.ar\/v3\/wp-content\/uploads\/2021\/04\/IMG-20210415-WA0037.jpg 960w, https:\/\/www.obispadorqta.org.ar\/v3\/wp-content\/uploads\/2021\/04\/IMG-20210415-WA0037-225x300.jpg 225w, https:\/\/www.obispadorqta.org.ar\/v3\/wp-content\/uploads\/2021\/04\/IMG-20210415-WA0037-768x1024.jpg 768w\" sizes=\"auto, (max-width: 960px) 100vw, 960px\" \/> <img loading=\"lazy\" decoding=\"async\" class=\"aligncenter size-full wp-image-6324\" src=\"https:\/\/www.obispadorqta.org.ar\/v3\/wp-content\/uploads\/2021\/04\/IMG-20210415-WA0041.jpg\" alt=\"\" width=\"960\" height=\"1280\" srcset=\"https:\/\/www.obispadorqta.org.ar\/v3\/wp-content\/uploads\/2021\/04\/IMG-20210415-WA0041.jpg 960w, https:\/\/www.obispadorqta.org.ar\/v3\/wp-content\/uploads\/2021\/04\/IMG-20210415-WA0041-225x300.jpg 225w, https:\/\/www.obispadorqta.org.ar\/v3\/wp-content\/uploads\/2021\/04\/IMG-20210415-WA0041-768x1024.jpg 768w\" sizes=\"auto, (max-width: 960px) 100vw, 960px\" \/> <img loading=\"lazy\" decoding=\"async\" class=\"aligncenter size-full wp-image-6326\" src=\"https:\/\/www.obispadorqta.org.ar\/v3\/wp-content\/uploads\/2021\/04\/IMG-20210415-WA0018.jpg\" alt=\"\" width=\"960\" height=\"1280\" srcset=\"https:\/\/www.obispadorqta.org.ar\/v3\/wp-content\/uploads\/2021\/04\/IMG-20210415-WA0018.jpg 960w, https:\/\/www.obispadorqta.org.ar\/v3\/wp-content\/uploads\/2021\/04\/IMG-20210415-WA0018-225x300.jpg 225w, https:\/\/www.obispadorqta.org.ar\/v3\/wp-content\/uploads\/2021\/04\/IMG-20210415-WA0018-768x1024.jpg 768w\" sizes=\"auto, (max-width: 960px) 100vw, 960px\" \/> <img loading=\"lazy\" decoding=\"async\" class=\"aligncenter size-full wp-image-6327\" src=\"https:\/\/www.obispadorqta.org.ar\/v3\/wp-content\/uploads\/2021\/04\/IMG-20210415-WA0019.jpg\" alt=\"\" width=\"960\" height=\"1280\" srcset=\"https:\/\/www.obispadorqta.org.ar\/v3\/wp-content\/uploads\/2021\/04\/IMG-20210415-WA0019.jpg 960w, https:\/\/www.obispadorqta.org.ar\/v3\/wp-content\/uploads\/2021\/04\/IMG-20210415-WA0019-225x300.jpg 225w, https:\/\/www.obispadorqta.org.ar\/v3\/wp-content\/uploads\/2021\/04\/IMG-20210415-WA0019-768x1024.jpg 768w\" sizes=\"auto, (max-width: 960px) 100vw, 960px\" \/><\/p>\n<p style=\"text-align: justify;\">A continuaci\u00f3n, a la luz de un texto de los Hechos de los Ap\u00f3stoles (4, 32-37), el Obispo reflexion\u00f3 sobre la importancia de contar en la Di\u00f3cesis con este Consejo de Asuntos Econ\u00f3micos y lo compar\u00f3 con la vida de las primeras comunidades cristianas haciendo \u00e9nfasis en la sinodalidad y la corresponsabilidad con el Obispo Diocesano, el ec\u00f3nomo y el administrador.<\/p>\n<p style=\"text-align: justify;\">Destac\u00f3 los valores que deben prevalecer en el pensar y actuar de cada uno,sobre todo cuando estamos llamados para esta misi\u00f3n. Subray\u00f3 la responsabilidad y el desapego a las cosas materiales, que nos impulsa a no desviarnos de nuestros objetivos y sobre todo de nuestro camino a la Santidad.<\/p>\n<p style=\"text-align: justify;\">Luego, cada miembro del Consejo realiz\u00f3 la Profesi\u00f3n de Fe y el Juramento de Fidelidad a esta tarea encomendada.<\/p>\n<p style=\"text-align: justify;\">Al finalizar,en un clima muy c\u00e1lido y acogedor, cada uno expres\u00f3 su gratitud y reafirm\u00f3 el compromiso asumido.<\/p>\n","protected":false},"excerpt":{"rendered":"<div class=\"mh-excerpt\"><p>El 14 de abril a las 18 hs. se llev\u00f3 a cabo en la Sede Diocesana, una breve ceremonia con el fin de dar cumplimiento <a class=\"mh-excerpt-more\" href=\"https:\/\/www.obispadorqta.org.ar\/v3\/una-buena-noticia\/\" title=\"Una buena Noticia\">[&#8230;]<\/a><\/p>\n<\/div>","protected":false},"author":2,"featured_media":6315,"comment_status":"closed","ping_status":"open","sticky":false,"template":"","format":"standard","meta":{"footnotes":""},"categories":[6,28],"tags":[],"class_list":["post-6314","post","type-post","status-publish","format-standard","has-post-thumbnail","hentry","category-news","category-latest-news"],"_links":{"self":[{"href":"https:\/\/www.obispadorqta.org.ar\/v3\/wp-json\/wp\/v2\/posts\/6314","targetHints":{"allow":["GET"]}}],"collection":[{"href":"https:\/\/www.obispadorqta.org.ar\/v3\/wp-json\/wp\/v2\/posts"}],"about":[{"href":"https:\/\/www.obispadorqta.org.ar\/v3\/wp-json\/wp\/v2\/types\/post"}],"author":[{"embeddable":true,"href":"https:\/\/www.obispadorqta.org.ar\/v3\/wp-json\/wp\/v2\/users\/2"}],"replies":[{"embeddable":true,"href":"https:\/\/www.obispadorqta.org.ar\/v3\/wp-json\/wp\/v2\/comments?post=6314"}],"version-history":[{"count":1,"href":"https:\/\/www.obispadorqta.org.ar\/v3\/wp-json\/wp\/v2\/posts\/6314\/revisions"}],"predecessor-version":[{"id":6328,"href":"https:\/\/www.obispadorqta.org.ar\/v3\/wp-json\/wp\/v2\/posts\/6314\/revisions\/6328"}],"wp:featuredmedia":[{"embeddable":true,"href":"https:\/\/www.obispadorqta.org.ar\/v3\/wp-json\/wp\/v2\/media\/6315"}],"wp:attachment":[{"href":"https:\/\/www.obispadorqta.org.ar\/v3\/wp-json\/wp\/v2\/media?parent=6314"}],"wp:term":[{"taxonomy":"category","embeddable":true,"href":"https:\/\/www.obispadorqta.org.ar\/v3\/wp-json\/wp\/v2\/categories?post=6314"},{"taxonomy":"post_tag","embeddable":true,"href":"https:\/\/www.obispadorqta.org.ar\/v3\/wp-json\/wp\/v2\/tags?post=6314"}],"curies":[{"name":"wp","href":"https:\/\/api.w.org\/{rel}","templated":true}]}}