{"id":6340,"date":"2021-04-21T12:24:04","date_gmt":"2021-04-21T15:24:04","guid":{"rendered":"http:\/\/www.obispadorqta.org.ar\/v3\/?p=6340"},"modified":"2021-04-21T12:41:16","modified_gmt":"2021-04-21T15:41:16","slug":"ministerio-del-acolitado-5","status":"publish","type":"post","link":"https:\/\/www.obispadorqta.org.ar\/v3\/ministerio-del-acolitado-5\/","title":{"rendered":"MINISTERIO DEL ACOLITADO"},"content":{"rendered":"<p style=\"text-align: justify;\">El pr\u00f3ximo viernes 23, en la Sede Parroquial de Ntra. Sra. de la Merced de Avellaneda, el Obispo Diocesano, Mons. \u00c1ngel Jos\u00e9 Mac\u00edn conferir\u00e1 el Ministerio del Acolitado al Lector NIcol\u00e1s Lastra.<\/p>\n<p style=\"text-align: justify;\">En tanto que el s\u00e1bado 24, recibir\u00e1 el Acolitado el Lector Jorge Rosatti, en la sede de la Parroquia Ntra. Sra. del Huerto de Malabrigo.<\/p>\n<p style=\"text-align: justify;\">Ambas celebraciones hab\u00edan sido postergadas por razones de salud del Obispo.<\/p>\n","protected":false},"excerpt":{"rendered":"<div class=\"mh-excerpt\"><p>El pr\u00f3ximo viernes 23, en la Sede Parroquial de Ntra. Sra. de la Merced de Avellaneda, el Obispo Diocesano, Mons. \u00c1ngel Jos\u00e9 Mac\u00edn conferir\u00e1 el <a class=\"mh-excerpt-more\" href=\"https:\/\/www.obispadorqta.org.ar\/v3\/ministerio-del-acolitado-5\/\" title=\"MINISTERIO DEL ACOLITADO\">[&#8230;]<\/a><\/p>\n<\/div>","protected":false},"author":3,"featured_media":6346,"comment_status":"closed","ping_status":"open","sticky":false,"template":"","format":"standard","meta":{"footnotes":""},"categories":[6,28],"tags":[],"class_list":["post-6340","post","type-post","status-publish","format-standard","has-post-thumbnail","hentry","category-news","category-latest-news"],"_links":{"self":[{"href":"https:\/\/www.obispadorqta.org.ar\/v3\/wp-json\/wp\/v2\/posts\/6340","targetHints":{"allow":["GET"]}}],"collection":[{"href":"https:\/\/www.obispadorqta.org.ar\/v3\/wp-json\/wp\/v2\/posts"}],"about":[{"href":"https:\/\/www.obispadorqta.org.ar\/v3\/wp-json\/wp\/v2\/types\/post"}],"author":[{"embeddable":true,"href":"https:\/\/www.obispadorqta.org.ar\/v3\/wp-json\/wp\/v2\/users\/3"}],"replies":[{"embeddable":true,"href":"https:\/\/www.obispadorqta.org.ar\/v3\/wp-json\/wp\/v2\/comments?post=6340"}],"version-history":[{"count":1,"href":"https:\/\/www.obispadorqta.org.ar\/v3\/wp-json\/wp\/v2\/posts\/6340\/revisions"}],"predecessor-version":[{"id":6342,"href":"https:\/\/www.obispadorqta.org.ar\/v3\/wp-json\/wp\/v2\/posts\/6340\/revisions\/6342"}],"wp:featuredmedia":[{"embeddable":true,"href":"https:\/\/www.obispadorqta.org.ar\/v3\/wp-json\/wp\/v2\/media\/6346"}],"wp:attachment":[{"href":"https:\/\/www.obispadorqta.org.ar\/v3\/wp-json\/wp\/v2\/media?parent=6340"}],"wp:term":[{"taxonomy":"category","embeddable":true,"href":"https:\/\/www.obispadorqta.org.ar\/v3\/wp-json\/wp\/v2\/categories?post=6340"},{"taxonomy":"post_tag","embeddable":true,"href":"https:\/\/www.obispadorqta.org.ar\/v3\/wp-json\/wp\/v2\/tags?post=6340"}],"curies":[{"name":"wp","href":"https:\/\/api.w.org\/{rel}","templated":true}]}}