{"id":6348,"date":"2021-04-21T12:33:54","date_gmt":"2021-04-21T15:33:54","guid":{"rendered":"http:\/\/www.obispadorqta.org.ar\/v3\/?p=6348"},"modified":"2021-04-21T12:37:21","modified_gmt":"2021-04-21T15:37:21","slug":"plenaria-cea","status":"publish","type":"post","link":"https:\/\/www.obispadorqta.org.ar\/v3\/plenaria-cea\/","title":{"rendered":"PLENARIA CEA"},"content":{"rendered":"<p style=\"text-align: justify;\">Desde ayer y durante la jornada de hoy, nuestro obispo, Mons. \u00c1ngel Jos\u00e9 Mac\u00edn, est\u00e1 participando de la Asamblea Plenaria del Episcopado Argentino, que se realiza de un modo virtual, por las restricciones de la pandemia.<\/p>\n<p style=\"text-align: justify;\">Se est\u00e1n tratando importantes temas de nuestra vida pastoral como el Diaconado Permanente, la Asamblea de Am\u00e9rica y la aprobaci\u00f3n de las nuevas L\u00edneas Gu\u00eda del Episcopado para la protecci\u00f3n de Menores y Personas Vulnerables en los ambientes eclesiales.<\/p>\n<p style=\"text-align: justify;\">Acompa\u00f1amos con nuestra plegaria este evento de comuni\u00f3n y corresponsabilidad de la Iglesia en la Argentina.<\/p>\n","protected":false},"excerpt":{"rendered":"<div class=\"mh-excerpt\"><p>Desde ayer y durante la jornada de hoy, nuestro obispo, Mons. \u00c1ngel Jos\u00e9 Mac\u00edn, est\u00e1 participando de la Asamblea Plenaria del Episcopado Argentino, que se <a class=\"mh-excerpt-more\" href=\"https:\/\/www.obispadorqta.org.ar\/v3\/plenaria-cea\/\" title=\"PLENARIA CEA\">[&#8230;]<\/a><\/p>\n<\/div>","protected":false},"author":3,"featured_media":6349,"comment_status":"closed","ping_status":"open","sticky":false,"template":"","format":"standard","meta":{"footnotes":""},"categories":[6,28],"tags":[],"class_list":["post-6348","post","type-post","status-publish","format-standard","has-post-thumbnail","hentry","category-news","category-latest-news"],"_links":{"self":[{"href":"https:\/\/www.obispadorqta.org.ar\/v3\/wp-json\/wp\/v2\/posts\/6348","targetHints":{"allow":["GET"]}}],"collection":[{"href":"https:\/\/www.obispadorqta.org.ar\/v3\/wp-json\/wp\/v2\/posts"}],"about":[{"href":"https:\/\/www.obispadorqta.org.ar\/v3\/wp-json\/wp\/v2\/types\/post"}],"author":[{"embeddable":true,"href":"https:\/\/www.obispadorqta.org.ar\/v3\/wp-json\/wp\/v2\/users\/3"}],"replies":[{"embeddable":true,"href":"https:\/\/www.obispadorqta.org.ar\/v3\/wp-json\/wp\/v2\/comments?post=6348"}],"version-history":[{"count":1,"href":"https:\/\/www.obispadorqta.org.ar\/v3\/wp-json\/wp\/v2\/posts\/6348\/revisions"}],"predecessor-version":[{"id":6350,"href":"https:\/\/www.obispadorqta.org.ar\/v3\/wp-json\/wp\/v2\/posts\/6348\/revisions\/6350"}],"wp:featuredmedia":[{"embeddable":true,"href":"https:\/\/www.obispadorqta.org.ar\/v3\/wp-json\/wp\/v2\/media\/6349"}],"wp:attachment":[{"href":"https:\/\/www.obispadorqta.org.ar\/v3\/wp-json\/wp\/v2\/media?parent=6348"}],"wp:term":[{"taxonomy":"category","embeddable":true,"href":"https:\/\/www.obispadorqta.org.ar\/v3\/wp-json\/wp\/v2\/categories?post=6348"},{"taxonomy":"post_tag","embeddable":true,"href":"https:\/\/www.obispadorqta.org.ar\/v3\/wp-json\/wp\/v2\/tags?post=6348"}],"curies":[{"name":"wp","href":"https:\/\/api.w.org\/{rel}","templated":true}]}}