{"id":6363,"date":"2021-04-27T09:48:36","date_gmt":"2021-04-27T12:48:36","guid":{"rendered":"http:\/\/www.obispadorqta.org.ar\/v3\/?p=6363"},"modified":"2021-04-27T09:52:41","modified_gmt":"2021-04-27T12:52:41","slug":"50-anos-de-la-efa-de-arroyo-ceibal","status":"publish","type":"post","link":"https:\/\/www.obispadorqta.org.ar\/v3\/50-anos-de-la-efa-de-arroyo-ceibal\/","title":{"rendered":"50 a\u00f1os de la EFA de Arroyo Ceibal"},"content":{"rendered":"<p style=\"text-align: justify;\"><span style=\"color: #000000;\">En el d\u00eda de ayer, lunes 26 de abril la\u00a0<strong>Escuela de la Familia Agr\u00edcola \u2013 EFA 8210-<\/strong>, de la localidad de Arroyo Ceibal, <strong>cumpli\u00f3 50 a\u00f1os de fecunda labor en la ense\u00f1anza secundaria, y Orientaci\u00f3n Agro &#8211; Ambiente.<\/strong><\/span><\/p>\n<p style=\"text-align: justify;\"><span style=\"color: #000000;\">El\u00a0obispo de la Di\u00f3cesis de Reconquista, Mons. \u00c1ngel Jos\u00e9 Mac\u00edn<strong>, <\/strong>oficio una Misa en Acci\u00f3n de gracias, en la cual destaco la importancia de las presencia y experiencia de las EFAS en nuestra di\u00f3cesis, las cuales fueron fundadas a partir del evangelio y de la cultura rural y que sin lugar a duda han quedado plasmadas y producido muchos frutos durante estos 50 a\u00f1os de vida.<\/span><\/p>\n<p style=\"text-align: justify;\"><span style=\"color: #000000;\">Especialmente agradeci\u00f3 y felicito a la EFA de Arroyo Ceibal, a sus forjadores, a los que hicieron camino y los que est\u00e1n siguiendo el camino \u201cpor su apertura y disponibilidad a la comunidad, por dar el espacio y sumar j\u00f3venes al crecimiento de la misma, por encarnar el evangelio en esta forma concreta\u201d.-<\/span><\/p>\n<p>\u00a0<\/p>\n\n\n<figure class=\"wp-block-gallery columns-3 is-cropped wp-block-gallery-1 is-layout-flex wp-block-gallery-is-layout-flex\"><ul class=\"blocks-gallery-grid\"><li class=\"blocks-gallery-item\"><figure><img loading=\"lazy\" decoding=\"async\" width=\"1024\" height=\"576\" src=\"https:\/\/www.obispadorqta.org.ar\/v3\/wp-content\/uploads\/2021\/04\/IMG-20210427-WA0004-1-1024x576.jpg\" alt=\"\" data-id=\"6370\" data-link=\"https:\/\/www.obispadorqta.org.ar\/v3\/50-anos-de-la-efa-de-arroyo-ceibal\/img-20210427-wa0004-1\/\" class=\"wp-image-6370\" srcset=\"https:\/\/www.obispadorqta.org.ar\/v3\/wp-content\/uploads\/2021\/04\/IMG-20210427-WA0004-1-1024x576.jpg 1024w, https:\/\/www.obispadorqta.org.ar\/v3\/wp-content\/uploads\/2021\/04\/IMG-20210427-WA0004-1-300x169.jpg 300w, https:\/\/www.obispadorqta.org.ar\/v3\/wp-content\/uploads\/2021\/04\/IMG-20210427-WA0004-1-768x432.jpg 768w, https:\/\/www.obispadorqta.org.ar\/v3\/wp-content\/uploads\/2021\/04\/IMG-20210427-WA0004-1-678x381.jpg 678w, https:\/\/www.obispadorqta.org.ar\/v3\/wp-content\/uploads\/2021\/04\/IMG-20210427-WA0004-1.jpg 1032w\" sizes=\"auto, (max-width: 1024px) 100vw, 1024px\" \/><\/figure><\/li><li class=\"blocks-gallery-item\"><figure><img loading=\"lazy\" decoding=\"async\" width=\"1024\" height=\"576\" src=\"https:\/\/www.obispadorqta.org.ar\/v3\/wp-content\/uploads\/2021\/04\/IMG-20210427-WA0002-1-1024x576.jpg\" alt=\"\" data-id=\"6371\" data-link=\"https:\/\/www.obispadorqta.org.ar\/v3\/50-anos-de-la-efa-de-arroyo-ceibal\/img-20210427-wa0002-1\/\" class=\"wp-image-6371\" srcset=\"https:\/\/www.obispadorqta.org.ar\/v3\/wp-content\/uploads\/2021\/04\/IMG-20210427-WA0002-1-1024x576.jpg 1024w, https:\/\/www.obispadorqta.org.ar\/v3\/wp-content\/uploads\/2021\/04\/IMG-20210427-WA0002-1-300x169.jpg 300w, https:\/\/www.obispadorqta.org.ar\/v3\/wp-content\/uploads\/2021\/04\/IMG-20210427-WA0002-1-768x432.jpg 768w, https:\/\/www.obispadorqta.org.ar\/v3\/wp-content\/uploads\/2021\/04\/IMG-20210427-WA0002-1-678x381.jpg 678w, https:\/\/www.obispadorqta.org.ar\/v3\/wp-content\/uploads\/2021\/04\/IMG-20210427-WA0002-1.jpg 1032w\" sizes=\"auto, (max-width: 1024px) 100vw, 1024px\" \/><\/figure><\/li><li class=\"blocks-gallery-item\"><figure><img loading=\"lazy\" decoding=\"async\" width=\"1024\" height=\"576\" src=\"https:\/\/www.obispadorqta.org.ar\/v3\/wp-content\/uploads\/2021\/04\/IMG-20210427-WA0006-1-1024x576.jpg\" alt=\"\" data-id=\"6372\" data-full-url=\"https:\/\/www.obispadorqta.org.ar\/v3\/wp-content\/uploads\/2021\/04\/IMG-20210427-WA0006-1.jpg\" data-link=\"https:\/\/www.obispadorqta.org.ar\/v3\/50-anos-de-la-efa-de-arroyo-ceibal\/img-20210427-wa0006-1\/\" class=\"wp-image-6372\" srcset=\"https:\/\/www.obispadorqta.org.ar\/v3\/wp-content\/uploads\/2021\/04\/IMG-20210427-WA0006-1-1024x576.jpg 1024w, https:\/\/www.obispadorqta.org.ar\/v3\/wp-content\/uploads\/2021\/04\/IMG-20210427-WA0006-1-300x169.jpg 300w, https:\/\/www.obispadorqta.org.ar\/v3\/wp-content\/uploads\/2021\/04\/IMG-20210427-WA0006-1-768x432.jpg 768w, https:\/\/www.obispadorqta.org.ar\/v3\/wp-content\/uploads\/2021\/04\/IMG-20210427-WA0006-1-678x381.jpg 678w, https:\/\/www.obispadorqta.org.ar\/v3\/wp-content\/uploads\/2021\/04\/IMG-20210427-WA0006-1.jpg 1032w\" sizes=\"auto, (max-width: 1024px) 100vw, 1024px\" \/><\/figure><\/li><\/ul><\/figure>\n","protected":false},"excerpt":{"rendered":"<div class=\"mh-excerpt\"><p>En el d\u00eda de ayer, lunes 26 de abril la\u00a0Escuela de la Familia Agr\u00edcola \u2013 EFA 8210-, de la localidad de Arroyo Ceibal, cumpli\u00f3 50 <a class=\"mh-excerpt-more\" href=\"https:\/\/www.obispadorqta.org.ar\/v3\/50-anos-de-la-efa-de-arroyo-ceibal\/\" title=\"50 a\u00f1os de la EFA de Arroyo Ceibal\">[&#8230;]<\/a><\/p>\n<\/div>","protected":false},"author":3,"featured_media":6364,"comment_status":"closed","ping_status":"open","sticky":false,"template":"","format":"standard","meta":{"footnotes":""},"categories":[6,28],"tags":[],"class_list":["post-6363","post","type-post","status-publish","format-standard","has-post-thumbnail","hentry","category-news","category-latest-news"],"_links":{"self":[{"href":"https:\/\/www.obispadorqta.org.ar\/v3\/wp-json\/wp\/v2\/posts\/6363","targetHints":{"allow":["GET"]}}],"collection":[{"href":"https:\/\/www.obispadorqta.org.ar\/v3\/wp-json\/wp\/v2\/posts"}],"about":[{"href":"https:\/\/www.obispadorqta.org.ar\/v3\/wp-json\/wp\/v2\/types\/post"}],"author":[{"embeddable":true,"href":"https:\/\/www.obispadorqta.org.ar\/v3\/wp-json\/wp\/v2\/users\/3"}],"replies":[{"embeddable":true,"href":"https:\/\/www.obispadorqta.org.ar\/v3\/wp-json\/wp\/v2\/comments?post=6363"}],"version-history":[{"count":3,"href":"https:\/\/www.obispadorqta.org.ar\/v3\/wp-json\/wp\/v2\/posts\/6363\/revisions"}],"predecessor-version":[{"id":6373,"href":"https:\/\/www.obispadorqta.org.ar\/v3\/wp-json\/wp\/v2\/posts\/6363\/revisions\/6373"}],"wp:featuredmedia":[{"embeddable":true,"href":"https:\/\/www.obispadorqta.org.ar\/v3\/wp-json\/wp\/v2\/media\/6364"}],"wp:attachment":[{"href":"https:\/\/www.obispadorqta.org.ar\/v3\/wp-json\/wp\/v2\/media?parent=6363"}],"wp:term":[{"taxonomy":"category","embeddable":true,"href":"https:\/\/www.obispadorqta.org.ar\/v3\/wp-json\/wp\/v2\/categories?post=6363"},{"taxonomy":"post_tag","embeddable":true,"href":"https:\/\/www.obispadorqta.org.ar\/v3\/wp-json\/wp\/v2\/tags?post=6363"}],"curies":[{"name":"wp","href":"https:\/\/api.w.org\/{rel}","templated":true}]}}