{"id":6374,"date":"2021-04-27T11:18:47","date_gmt":"2021-04-27T14:18:47","guid":{"rendered":"http:\/\/www.obispadorqta.org.ar\/v3\/?p=6374"},"modified":"2021-04-29T11:01:21","modified_gmt":"2021-04-29T14:01:21","slug":"6374-2","status":"publish","type":"post","link":"https:\/\/www.obispadorqta.org.ar\/v3\/6374-2\/","title":{"rendered":"149\u00ba Aniversario de la fundaci\u00f3n de la Ciudad de Reconquista"},"content":{"rendered":"<p>Hoy martes 27 de abril, el obispo Diocesano, Mons. Dr. \u00c1ngel Jos\u00e9 Mac\u00edn, participo del Acto oficial realizado en Plaza 25 de Mayo, en el marco del 149 aniversario de la fundaci\u00f3n de Reconquista, encabezado por el Intendente Municipal, Dr. Amadeo Enrique Vallejos, acompa\u00f1ado de otras autoridades de la ciudad.<\/p>\n<p><img loading=\"lazy\" decoding=\"async\" class=\"aligncenter size-full wp-image-6383\" src=\"https:\/\/www.obispadorqta.org.ar\/v3\/wp-content\/uploads\/2021\/04\/IMG-20210427-WA0012-1.jpg\" alt=\"\" width=\"1032\" height=\"581\" srcset=\"https:\/\/www.obispadorqta.org.ar\/v3\/wp-content\/uploads\/2021\/04\/IMG-20210427-WA0012-1.jpg 1032w, https:\/\/www.obispadorqta.org.ar\/v3\/wp-content\/uploads\/2021\/04\/IMG-20210427-WA0012-1-300x169.jpg 300w, https:\/\/www.obispadorqta.org.ar\/v3\/wp-content\/uploads\/2021\/04\/IMG-20210427-WA0012-1-1024x576.jpg 1024w, https:\/\/www.obispadorqta.org.ar\/v3\/wp-content\/uploads\/2021\/04\/IMG-20210427-WA0012-1-768x432.jpg 768w, https:\/\/www.obispadorqta.org.ar\/v3\/wp-content\/uploads\/2021\/04\/IMG-20210427-WA0012-1-678x381.jpg 678w\" sizes=\"auto, (max-width: 1032px) 100vw, 1032px\" \/><\/p>\n<p>El Obispo Diocesano, comparti\u00f3 con los presentes la \u201cOraci\u00f3n al Creador\u201d, publicada en la enc\u00edclica del Santo Padre Francisco, Fratelli Tutti.<\/p>\n<p>A continuaci\u00f3n compartimos la entrevista a Mons. Dr. \u00c1ngel Jos\u00e9 Mac\u00edn, que fuera realizada por el periodista de Radio Amanecer, Alejandro D\u00edaz.<\/p>\n\n\n<figure class=\"wp-block-audio\"><audio controls src=\"https:\/\/www.obispadorqta.org.ar\/v3\/wp-content\/uploads\/2021\/04\/Entrevista-Obispo-Aniversario-Reconquista.mp3\"><\/audio><\/figure>\n\n\n\n<figure class=\"wp-block-image size-large\"><img loading=\"lazy\" decoding=\"async\" width=\"1024\" height=\"576\" src=\"https:\/\/www.obispadorqta.org.ar\/v3\/wp-content\/uploads\/2021\/04\/IMG-20210427-WA0014-1024x576.jpg\" alt=\"\" class=\"wp-image-6385\" srcset=\"https:\/\/www.obispadorqta.org.ar\/v3\/wp-content\/uploads\/2021\/04\/IMG-20210427-WA0014-1024x576.jpg 1024w, https:\/\/www.obispadorqta.org.ar\/v3\/wp-content\/uploads\/2021\/04\/IMG-20210427-WA0014-300x169.jpg 300w, https:\/\/www.obispadorqta.org.ar\/v3\/wp-content\/uploads\/2021\/04\/IMG-20210427-WA0014-768x432.jpg 768w, https:\/\/www.obispadorqta.org.ar\/v3\/wp-content\/uploads\/2021\/04\/IMG-20210427-WA0014-678x381.jpg 678w, https:\/\/www.obispadorqta.org.ar\/v3\/wp-content\/uploads\/2021\/04\/IMG-20210427-WA0014.jpg 1032w\" sizes=\"auto, (max-width: 1024px) 100vw, 1024px\" \/><\/figure>\n\n\n\n<figure class=\"wp-block-image size-large\"><img loading=\"lazy\" decoding=\"async\" width=\"1024\" height=\"576\" src=\"https:\/\/www.obispadorqta.org.ar\/v3\/wp-content\/uploads\/2021\/04\/IMG-20210427-WA0013-1024x576.jpg\" alt=\"\" class=\"wp-image-6384\" srcset=\"https:\/\/www.obispadorqta.org.ar\/v3\/wp-content\/uploads\/2021\/04\/IMG-20210427-WA0013-1024x576.jpg 1024w, https:\/\/www.obispadorqta.org.ar\/v3\/wp-content\/uploads\/2021\/04\/IMG-20210427-WA0013-300x169.jpg 300w, https:\/\/www.obispadorqta.org.ar\/v3\/wp-content\/uploads\/2021\/04\/IMG-20210427-WA0013-768x432.jpg 768w, https:\/\/www.obispadorqta.org.ar\/v3\/wp-content\/uploads\/2021\/04\/IMG-20210427-WA0013-678x381.jpg 678w, https:\/\/www.obispadorqta.org.ar\/v3\/wp-content\/uploads\/2021\/04\/IMG-20210427-WA0013.jpg 1032w\" sizes=\"auto, (max-width: 1024px) 100vw, 1024px\" \/><\/figure>\n","protected":false},"excerpt":{"rendered":"<div class=\"mh-excerpt\"><p>Hoy martes 27 de abril, el obispo Diocesano, Mons. Dr. \u00c1ngel Jos\u00e9 Mac\u00edn, participo del Acto oficial realizado en Plaza 25 de Mayo, en el <a class=\"mh-excerpt-more\" href=\"https:\/\/www.obispadorqta.org.ar\/v3\/6374-2\/\" title=\"149\u00ba Aniversario de la fundaci\u00f3n de la Ciudad de Reconquista\">[&#8230;]<\/a><\/p>\n<\/div>","protected":false},"author":3,"featured_media":6375,"comment_status":"closed","ping_status":"open","sticky":false,"template":"","format":"standard","meta":{"footnotes":""},"categories":[6,28],"tags":[],"class_list":["post-6374","post","type-post","status-publish","format-standard","has-post-thumbnail","hentry","category-news","category-latest-news"],"_links":{"self":[{"href":"https:\/\/www.obispadorqta.org.ar\/v3\/wp-json\/wp\/v2\/posts\/6374","targetHints":{"allow":["GET"]}}],"collection":[{"href":"https:\/\/www.obispadorqta.org.ar\/v3\/wp-json\/wp\/v2\/posts"}],"about":[{"href":"https:\/\/www.obispadorqta.org.ar\/v3\/wp-json\/wp\/v2\/types\/post"}],"author":[{"embeddable":true,"href":"https:\/\/www.obispadorqta.org.ar\/v3\/wp-json\/wp\/v2\/users\/3"}],"replies":[{"embeddable":true,"href":"https:\/\/www.obispadorqta.org.ar\/v3\/wp-json\/wp\/v2\/comments?post=6374"}],"version-history":[{"count":7,"href":"https:\/\/www.obispadorqta.org.ar\/v3\/wp-json\/wp\/v2\/posts\/6374\/revisions"}],"predecessor-version":[{"id":6389,"href":"https:\/\/www.obispadorqta.org.ar\/v3\/wp-json\/wp\/v2\/posts\/6374\/revisions\/6389"}],"wp:featuredmedia":[{"embeddable":true,"href":"https:\/\/www.obispadorqta.org.ar\/v3\/wp-json\/wp\/v2\/media\/6375"}],"wp:attachment":[{"href":"https:\/\/www.obispadorqta.org.ar\/v3\/wp-json\/wp\/v2\/media?parent=6374"}],"wp:term":[{"taxonomy":"category","embeddable":true,"href":"https:\/\/www.obispadorqta.org.ar\/v3\/wp-json\/wp\/v2\/categories?post=6374"},{"taxonomy":"post_tag","embeddable":true,"href":"https:\/\/www.obispadorqta.org.ar\/v3\/wp-json\/wp\/v2\/tags?post=6374"}],"curies":[{"name":"wp","href":"https:\/\/api.w.org\/{rel}","templated":true}]}}