{"id":6391,"date":"2021-04-29T11:00:16","date_gmt":"2021-04-29T14:00:16","guid":{"rendered":"http:\/\/www.obispadorqta.org.ar\/v3\/?p=6391"},"modified":"2021-04-30T18:42:42","modified_gmt":"2021-04-30T21:42:42","slug":"san-jose-obrero-patrono-de-los-trabajadores","status":"publish","type":"post","link":"https:\/\/www.obispadorqta.org.ar\/v3\/san-jose-obrero-patrono-de-los-trabajadores\/","title":{"rendered":"SAN JOS\u00c9 OBRERO, PATRONO DE LOS TRABAJADORES"},"content":{"rendered":"<p style=\"text-align: justify;\">En el marco del A\u00f1o de San Jos\u00e9, cobra especial relevancia la festividad de San Jos\u00e9 Obrero, patrono de los trabajadores.<\/p>\n<p style=\"text-align: justify;\">Dada la importancia que tiene el trabajo para la vida de las personas, y ante un panorama muy dif\u00edcil por el que estamos atravesando, con p\u00e9rdidas de trabajo, con subocupaci\u00f3n, con cambios de rubros de mucha gente que tiene que llevar el pan a la mesa de sus familias, por el cansancio de los trabajadores de algunos sectores, proponemos a todos a unirnos de una manera especial, para reflexionar sobre el valor del trabajo para la dignidad de la persona y para pedir a Dios nos conceda serenidad, confianza y fortaleza en estas circunstancias.<\/p>\n<p style=\"text-align: justify;\"><em><strong>La misa, que tendr\u00e1 difusi\u00f3n diocesana, ser\u00e1 celebrada en el Templo Parroquial de Malabrigo, por el Obispo Diocesano, Mons. \u00c1ngel Jos\u00e9 Mac\u00edn, el s\u00e1bado 1\u00b0, a las 17 hs. <\/strong><\/em><\/p>\n<p style=\"text-align: justify;\">Luego, habr\u00e1 testimonios y la bendici\u00f3n de una imagen de San Jos\u00e9 Obrero, tallada por un reconocido artista de nuestra comunidad diocesana. Para concluir, se llevar\u00e1 la imagen en caravana hasta la capilla que lleva este t\u00edtulo, donde ser\u00e1 entronizada.<\/p>\n<p><img loading=\"lazy\" decoding=\"async\" class=\"aligncenter size-full wp-image-6396\" src=\"https:\/\/www.obispadorqta.org.ar\/v3\/wp-content\/uploads\/2021\/04\/IMG-20210429-WA0007.jpg\" alt=\"\" width=\"1000\" height=\"558\" srcset=\"https:\/\/www.obispadorqta.org.ar\/v3\/wp-content\/uploads\/2021\/04\/IMG-20210429-WA0007.jpg 1000w, https:\/\/www.obispadorqta.org.ar\/v3\/wp-content\/uploads\/2021\/04\/IMG-20210429-WA0007-300x167.jpg 300w, https:\/\/www.obispadorqta.org.ar\/v3\/wp-content\/uploads\/2021\/04\/IMG-20210429-WA0007-768x429.jpg 768w\" sizes=\"auto, (max-width: 1000px) 100vw, 1000px\" \/><\/p>\n<p style=\"text-align: justify;\"><strong>Se puede seguir el evento por el Facebook: Misas Parroquia Malabrigo<\/strong><\/p>\n","protected":false},"excerpt":{"rendered":"<div class=\"mh-excerpt\"><p>En el marco del A\u00f1o de San Jos\u00e9, cobra especial relevancia la festividad de San Jos\u00e9 Obrero, patrono de los trabajadores. Dada la importancia que <a class=\"mh-excerpt-more\" href=\"https:\/\/www.obispadorqta.org.ar\/v3\/san-jose-obrero-patrono-de-los-trabajadores\/\" title=\"SAN JOS\u00c9 OBRERO, PATRONO DE LOS TRABAJADORES\">[&#8230;]<\/a><\/p>\n<\/div>","protected":false},"author":3,"featured_media":6398,"comment_status":"closed","ping_status":"open","sticky":false,"template":"","format":"standard","meta":{"footnotes":""},"categories":[6,28],"tags":[],"class_list":["post-6391","post","type-post","status-publish","format-standard","has-post-thumbnail","hentry","category-news","category-latest-news"],"_links":{"self":[{"href":"https:\/\/www.obispadorqta.org.ar\/v3\/wp-json\/wp\/v2\/posts\/6391","targetHints":{"allow":["GET"]}}],"collection":[{"href":"https:\/\/www.obispadorqta.org.ar\/v3\/wp-json\/wp\/v2\/posts"}],"about":[{"href":"https:\/\/www.obispadorqta.org.ar\/v3\/wp-json\/wp\/v2\/types\/post"}],"author":[{"embeddable":true,"href":"https:\/\/www.obispadorqta.org.ar\/v3\/wp-json\/wp\/v2\/users\/3"}],"replies":[{"embeddable":true,"href":"https:\/\/www.obispadorqta.org.ar\/v3\/wp-json\/wp\/v2\/comments?post=6391"}],"version-history":[{"count":4,"href":"https:\/\/www.obispadorqta.org.ar\/v3\/wp-json\/wp\/v2\/posts\/6391\/revisions"}],"predecessor-version":[{"id":6412,"href":"https:\/\/www.obispadorqta.org.ar\/v3\/wp-json\/wp\/v2\/posts\/6391\/revisions\/6412"}],"wp:featuredmedia":[{"embeddable":true,"href":"https:\/\/www.obispadorqta.org.ar\/v3\/wp-json\/wp\/v2\/media\/6398"}],"wp:attachment":[{"href":"https:\/\/www.obispadorqta.org.ar\/v3\/wp-json\/wp\/v2\/media?parent=6391"}],"wp:term":[{"taxonomy":"category","embeddable":true,"href":"https:\/\/www.obispadorqta.org.ar\/v3\/wp-json\/wp\/v2\/categories?post=6391"},{"taxonomy":"post_tag","embeddable":true,"href":"https:\/\/www.obispadorqta.org.ar\/v3\/wp-json\/wp\/v2\/tags?post=6391"}],"curies":[{"name":"wp","href":"https:\/\/api.w.org\/{rel}","templated":true}]}}