{"id":6413,"date":"2021-05-03T10:44:28","date_gmt":"2021-05-03T13:44:28","guid":{"rendered":"http:\/\/www.obispadorqta.org.ar\/v3\/?p=6413"},"modified":"2021-05-11T07:45:01","modified_gmt":"2021-05-11T10:45:01","slug":"retiro-presbiterio","status":"publish","type":"post","link":"https:\/\/www.obispadorqta.org.ar\/v3\/retiro-presbiterio\/","title":{"rendered":"RETIRO DEL PRESBITERIO"},"content":{"rendered":"<p style=\"text-align: justify;\">A partir de este lunes 3 de mayo, y hasta el viernes 7, el presbiterio diocesano estar\u00e1 realizando su RETIRO ANUAL, de manera virtual. El mismo ser\u00e1 guiado por el P. Carlos Pimentel, de la di\u00f3cesis de San Isidro, Buenos Aires.<\/p>\n<p style=\"text-align: justify;\">Oramos por la santificaci\u00f3n de nuestros sacerdotes.<\/p>\n","protected":false},"excerpt":{"rendered":"<div class=\"mh-excerpt\"><p>A partir de este lunes 3 de mayo, y hasta el viernes 7, el presbiterio diocesano estar\u00e1 realizando su RETIRO ANUAL, de manera virtual. El <a class=\"mh-excerpt-more\" href=\"https:\/\/www.obispadorqta.org.ar\/v3\/retiro-presbiterio\/\" title=\"RETIRO DEL PRESBITERIO\">[&#8230;]<\/a><\/p>\n<\/div>","protected":false},"author":3,"featured_media":6414,"comment_status":"closed","ping_status":"open","sticky":false,"template":"","format":"standard","meta":{"footnotes":""},"categories":[6,28],"tags":[],"class_list":["post-6413","post","type-post","status-publish","format-standard","has-post-thumbnail","hentry","category-news","category-latest-news"],"_links":{"self":[{"href":"https:\/\/www.obispadorqta.org.ar\/v3\/wp-json\/wp\/v2\/posts\/6413","targetHints":{"allow":["GET"]}}],"collection":[{"href":"https:\/\/www.obispadorqta.org.ar\/v3\/wp-json\/wp\/v2\/posts"}],"about":[{"href":"https:\/\/www.obispadorqta.org.ar\/v3\/wp-json\/wp\/v2\/types\/post"}],"author":[{"embeddable":true,"href":"https:\/\/www.obispadorqta.org.ar\/v3\/wp-json\/wp\/v2\/users\/3"}],"replies":[{"embeddable":true,"href":"https:\/\/www.obispadorqta.org.ar\/v3\/wp-json\/wp\/v2\/comments?post=6413"}],"version-history":[{"count":2,"href":"https:\/\/www.obispadorqta.org.ar\/v3\/wp-json\/wp\/v2\/posts\/6413\/revisions"}],"predecessor-version":[{"id":6416,"href":"https:\/\/www.obispadorqta.org.ar\/v3\/wp-json\/wp\/v2\/posts\/6413\/revisions\/6416"}],"wp:featuredmedia":[{"embeddable":true,"href":"https:\/\/www.obispadorqta.org.ar\/v3\/wp-json\/wp\/v2\/media\/6414"}],"wp:attachment":[{"href":"https:\/\/www.obispadorqta.org.ar\/v3\/wp-json\/wp\/v2\/media?parent=6413"}],"wp:term":[{"taxonomy":"category","embeddable":true,"href":"https:\/\/www.obispadorqta.org.ar\/v3\/wp-json\/wp\/v2\/categories?post=6413"},{"taxonomy":"post_tag","embeddable":true,"href":"https:\/\/www.obispadorqta.org.ar\/v3\/wp-json\/wp\/v2\/tags?post=6413"}],"curies":[{"name":"wp","href":"https:\/\/api.w.org\/{rel}","templated":true}]}}