{"id":6440,"date":"2021-05-06T09:47:17","date_gmt":"2021-05-06T12:47:17","guid":{"rendered":"http:\/\/www.obispadorqta.org.ar\/v3\/?p=6440"},"modified":"2021-05-06T10:02:35","modified_gmt":"2021-05-06T13:02:35","slug":"misa-en-memoria-del-p-aldo-martini-y-mons-fabriciano-sigampa","status":"publish","type":"post","link":"https:\/\/www.obispadorqta.org.ar\/v3\/misa-en-memoria-del-p-aldo-martini-y-mons-fabriciano-sigampa\/","title":{"rendered":"Misa en Memoria del P. Aldo Martini y Mons. Fabriciano Sigampa"},"content":{"rendered":"<p style=\"text-align: justify;\">\nEl pr\u00f3ximo lunes 10 de mayo se celebrar\u00e1 una misa en sufragio del Presb\u00edtero Aldo Eugenio Martini, al cumplirse un mes de su Pascua.<\/p>\n<p style=\"text-align: justify;\">La celebraci\u00f3n ser\u00e1 presidida por Mons. \u00c1ngel Jos\u00e9 Mac\u00edn en la Iglesia Catedral de Reconquista a las 18 hs.<\/p>\n<p style=\"text-align: justify;\">En esta ocasi\u00f3n, tambi\u00e9n recordaremos a Mons. Fabriciano Sigampa, arzobispo em\u00e9rito de Resistencia, segundo obispo de nuestra di\u00f3cesis de Reconquista, quien falleciera el mi\u00e9rcoles 31 de marzo de este a\u00f1o, en La Rioja, donde resid\u00eda actualmente.-<\/p>\n<p><img loading=\"lazy\" decoding=\"async\" class=\"aligncenter  wp-image-6278\" src=\"https:\/\/www.obispadorqta.org.ar\/v3\/wp-content\/uploads\/2021\/03\/Sigampa.jpg\" alt=\"\" width=\"173\" height=\"261\" srcset=\"https:\/\/www.obispadorqta.org.ar\/v3\/wp-content\/uploads\/2021\/03\/Sigampa.jpg 231w, https:\/\/www.obispadorqta.org.ar\/v3\/wp-content\/uploads\/2021\/03\/Sigampa-199x300.jpg 199w\" sizes=\"auto, (max-width: 173px) 100vw, 173px\" \/><\/p>\n<p style=\"text-align: justify;\"><em>-Para asistir a las misas en Catedral anotarse en Librer\u00eda Parroquial \u00f3 mandar mensaje al N\u00ba 665305.<\/em><\/p>\n","protected":false},"excerpt":{"rendered":"<div class=\"mh-excerpt\"><p>El pr\u00f3ximo lunes 10 de mayo se celebrar\u00e1 una misa en sufragio del Presb\u00edtero Aldo Eugenio Martini, al cumplirse un mes de su Pascua. La <a class=\"mh-excerpt-more\" href=\"https:\/\/www.obispadorqta.org.ar\/v3\/misa-en-memoria-del-p-aldo-martini-y-mons-fabriciano-sigampa\/\" title=\"Misa en Memoria del P. Aldo Martini y Mons. Fabriciano Sigampa\">[&#8230;]<\/a><\/p>\n<\/div>","protected":false},"author":3,"featured_media":6289,"comment_status":"closed","ping_status":"open","sticky":false,"template":"","format":"standard","meta":{"footnotes":""},"categories":[6,28],"tags":[],"class_list":["post-6440","post","type-post","status-publish","format-standard","has-post-thumbnail","hentry","category-news","category-latest-news"],"_links":{"self":[{"href":"https:\/\/www.obispadorqta.org.ar\/v3\/wp-json\/wp\/v2\/posts\/6440","targetHints":{"allow":["GET"]}}],"collection":[{"href":"https:\/\/www.obispadorqta.org.ar\/v3\/wp-json\/wp\/v2\/posts"}],"about":[{"href":"https:\/\/www.obispadorqta.org.ar\/v3\/wp-json\/wp\/v2\/types\/post"}],"author":[{"embeddable":true,"href":"https:\/\/www.obispadorqta.org.ar\/v3\/wp-json\/wp\/v2\/users\/3"}],"replies":[{"embeddable":true,"href":"https:\/\/www.obispadorqta.org.ar\/v3\/wp-json\/wp\/v2\/comments?post=6440"}],"version-history":[{"count":1,"href":"https:\/\/www.obispadorqta.org.ar\/v3\/wp-json\/wp\/v2\/posts\/6440\/revisions"}],"predecessor-version":[{"id":6441,"href":"https:\/\/www.obispadorqta.org.ar\/v3\/wp-json\/wp\/v2\/posts\/6440\/revisions\/6441"}],"wp:featuredmedia":[{"embeddable":true,"href":"https:\/\/www.obispadorqta.org.ar\/v3\/wp-json\/wp\/v2\/media\/6289"}],"wp:attachment":[{"href":"https:\/\/www.obispadorqta.org.ar\/v3\/wp-json\/wp\/v2\/media?parent=6440"}],"wp:term":[{"taxonomy":"category","embeddable":true,"href":"https:\/\/www.obispadorqta.org.ar\/v3\/wp-json\/wp\/v2\/categories?post=6440"},{"taxonomy":"post_tag","embeddable":true,"href":"https:\/\/www.obispadorqta.org.ar\/v3\/wp-json\/wp\/v2\/tags?post=6440"}],"curies":[{"name":"wp","href":"https:\/\/api.w.org\/{rel}","templated":true}]}}