{"id":6444,"date":"2021-05-11T12:02:02","date_gmt":"2021-05-11T15:02:02","guid":{"rendered":"http:\/\/www.obispadorqta.org.ar\/v3\/?p=6444"},"modified":"2021-05-28T10:38:31","modified_gmt":"2021-05-28T13:38:31","slug":"misa-en-memoria-del-p-aldo-martini-y-mons-fabriciano-sigampa-2","status":"publish","type":"post","link":"https:\/\/www.obispadorqta.org.ar\/v3\/misa-en-memoria-del-p-aldo-martini-y-mons-fabriciano-sigampa-2\/","title":{"rendered":"MISA EN MEMORIA DEL P. ALDO MARTINI Y MONS. FABRICIANO SIGAMPA"},"content":{"rendered":"<p style=\"text-align: justify;\">En la tarde del d\u00eda de ayer, lunes 10 de mayo, se oficio una misa al cumplirse\u00a0 a un mes del fallecimiento del Presb\u00edtero Aldo Eugenio Martini.<\/p>\n<p style=\"text-align: justify;\">En esta ocasi\u00f3n, tambi\u00e9n se record\u00f3 a Monse\u00f1or Fabriciano Sigampa, arzobispo em\u00e9rito de Resistencia, segundo obispo de nuestra di\u00f3cesis de Reconquista, quien falleciera el mi\u00e9rcoles 31 de marzo de este a\u00f1o, en La Rioja, donde resid\u00eda actualmente.<span id=\"more-90137\"><\/span><\/p>\n<p style=\"text-align: justify;\">La ceremonia religiosa fue presidida por el obispo de Reconquista, Mons. \u00c1ngel Jos\u00e9 Mac\u00edn en la Iglesia Catedral de Reconquista, acompa\u00f1ado de varios sacerdotes de la Di\u00f3cesis.<img loading=\"lazy\" decoding=\"async\" class=\"wp-image-6453 aligncenter\" src=\"https:\/\/www.obispadorqta.org.ar\/v3\/wp-content\/uploads\/2021\/05\/IMG-20210511-WA0015.jpg\" alt=\"\" width=\"457\" height=\"343\" srcset=\"https:\/\/www.obispadorqta.org.ar\/v3\/wp-content\/uploads\/2021\/05\/IMG-20210511-WA0015.jpg 500w, https:\/\/www.obispadorqta.org.ar\/v3\/wp-content\/uploads\/2021\/05\/IMG-20210511-WA0015-300x225.jpg 300w, https:\/\/www.obispadorqta.org.ar\/v3\/wp-content\/uploads\/2021\/05\/IMG-20210511-WA0015-326x245.jpg 326w, https:\/\/www.obispadorqta.org.ar\/v3\/wp-content\/uploads\/2021\/05\/IMG-20210511-WA0015-80x60.jpg 80w\" sizes=\"auto, (max-width: 457px) 100vw, 457px\" \/> <img loading=\"lazy\" decoding=\"async\" class=\"wp-image-6452 aligncenter\" src=\"https:\/\/www.obispadorqta.org.ar\/v3\/wp-content\/uploads\/2021\/05\/IMG-20210510-WA0007.jpg\" alt=\"\" width=\"447\" height=\"335\" srcset=\"https:\/\/www.obispadorqta.org.ar\/v3\/wp-content\/uploads\/2021\/05\/IMG-20210510-WA0007.jpg 500w, https:\/\/www.obispadorqta.org.ar\/v3\/wp-content\/uploads\/2021\/05\/IMG-20210510-WA0007-300x225.jpg 300w, https:\/\/www.obispadorqta.org.ar\/v3\/wp-content\/uploads\/2021\/05\/IMG-20210510-WA0007-326x245.jpg 326w, https:\/\/www.obispadorqta.org.ar\/v3\/wp-content\/uploads\/2021\/05\/IMG-20210510-WA0007-80x60.jpg 80w\" sizes=\"auto, (max-width: 447px) 100vw, 447px\" \/><\/p>\n<p>En su homil\u00eda, Mons. \u00c1ngel Jos\u00e9 Mac\u00edn, manifest\u00f3:<\/p>\n<blockquote>\n<p style=\"text-align: justify;\">Nosotros hoy, con un dejo de tristeza, gratitud, sencillez y esperanza, queremos hacerlos presentes en la Eucarist\u00eda, porque entendemos que su vida se fue entrelazando de tal manera, misteriosa y simple, que habilita el recuerdo de ambos. No es un caso de vidas paralelas, pero s\u00ed de vidas sacerdotales parecidas, semejantes, sobre todo en su esencia. Y que ellos compartieron de una manera muy cordial: trabajaron juntos durante algunos a\u00f1os (Aldo fue Vicario General de Sigampa) y fueron siempre amigos.-<\/p>\n<p>Con tres palabras quisiera delinear un esbozo de este v\u00ednculo construido en el tiempo: cercan\u00eda, bueno humor y entrega.<\/p><\/blockquote>\n<p><img loading=\"lazy\" decoding=\"async\" class=\"size-full wp-image-6454 aligncenter\" src=\"https:\/\/www.obispadorqta.org.ar\/v3\/wp-content\/uploads\/2021\/05\/IMG-20210510-WA0015.jpg\" alt=\"\" width=\"500\" height=\"375\" srcset=\"https:\/\/www.obispadorqta.org.ar\/v3\/wp-content\/uploads\/2021\/05\/IMG-20210510-WA0015.jpg 500w, https:\/\/www.obispadorqta.org.ar\/v3\/wp-content\/uploads\/2021\/05\/IMG-20210510-WA0015-300x225.jpg 300w, https:\/\/www.obispadorqta.org.ar\/v3\/wp-content\/uploads\/2021\/05\/IMG-20210510-WA0015-326x245.jpg 326w, https:\/\/www.obispadorqta.org.ar\/v3\/wp-content\/uploads\/2021\/05\/IMG-20210510-WA0015-80x60.jpg 80w\" sizes=\"auto, (max-width: 500px) 100vw, 500px\" \/> <img loading=\"lazy\" decoding=\"async\" class=\"aligncenter size-full wp-image-6455\" src=\"https:\/\/www.obispadorqta.org.ar\/v3\/wp-content\/uploads\/2021\/05\/IMG-20210510-WA0017.jpg\" alt=\"\" width=\"400\" height=\"755\" srcset=\"https:\/\/www.obispadorqta.org.ar\/v3\/wp-content\/uploads\/2021\/05\/IMG-20210510-WA0017.jpg 400w, https:\/\/www.obispadorqta.org.ar\/v3\/wp-content\/uploads\/2021\/05\/IMG-20210510-WA0017-159x300.jpg 159w\" sizes=\"auto, (max-width: 400px) 100vw, 400px\" \/><\/p>\n","protected":false},"excerpt":{"rendered":"<div class=\"mh-excerpt\"><p>En la tarde del d\u00eda de ayer, lunes 10 de mayo, se oficio una misa al cumplirse\u00a0 a un mes del fallecimiento del Presb\u00edtero Aldo <a class=\"mh-excerpt-more\" href=\"https:\/\/www.obispadorqta.org.ar\/v3\/misa-en-memoria-del-p-aldo-martini-y-mons-fabriciano-sigampa-2\/\" title=\"MISA EN MEMORIA DEL P. ALDO MARTINI Y MONS. FABRICIANO SIGAMPA\">[&#8230;]<\/a><\/p>\n<\/div>","protected":false},"author":3,"featured_media":6451,"comment_status":"closed","ping_status":"open","sticky":false,"template":"","format":"standard","meta":{"footnotes":""},"categories":[6,28],"tags":[],"class_list":["post-6444","post","type-post","status-publish","format-standard","has-post-thumbnail","hentry","category-news","category-latest-news"],"_links":{"self":[{"href":"https:\/\/www.obispadorqta.org.ar\/v3\/wp-json\/wp\/v2\/posts\/6444","targetHints":{"allow":["GET"]}}],"collection":[{"href":"https:\/\/www.obispadorqta.org.ar\/v3\/wp-json\/wp\/v2\/posts"}],"about":[{"href":"https:\/\/www.obispadorqta.org.ar\/v3\/wp-json\/wp\/v2\/types\/post"}],"author":[{"embeddable":true,"href":"https:\/\/www.obispadorqta.org.ar\/v3\/wp-json\/wp\/v2\/users\/3"}],"replies":[{"embeddable":true,"href":"https:\/\/www.obispadorqta.org.ar\/v3\/wp-json\/wp\/v2\/comments?post=6444"}],"version-history":[{"count":5,"href":"https:\/\/www.obispadorqta.org.ar\/v3\/wp-json\/wp\/v2\/posts\/6444\/revisions"}],"predecessor-version":[{"id":6458,"href":"https:\/\/www.obispadorqta.org.ar\/v3\/wp-json\/wp\/v2\/posts\/6444\/revisions\/6458"}],"wp:featuredmedia":[{"embeddable":true,"href":"https:\/\/www.obispadorqta.org.ar\/v3\/wp-json\/wp\/v2\/media\/6451"}],"wp:attachment":[{"href":"https:\/\/www.obispadorqta.org.ar\/v3\/wp-json\/wp\/v2\/media?parent=6444"}],"wp:term":[{"taxonomy":"category","embeddable":true,"href":"https:\/\/www.obispadorqta.org.ar\/v3\/wp-json\/wp\/v2\/categories?post=6444"},{"taxonomy":"post_tag","embeddable":true,"href":"https:\/\/www.obispadorqta.org.ar\/v3\/wp-json\/wp\/v2\/tags?post=6444"}],"curies":[{"name":"wp","href":"https:\/\/api.w.org\/{rel}","templated":true}]}}