{"id":6468,"date":"2021-05-17T11:27:58","date_gmt":"2021-05-17T14:27:58","guid":{"rendered":"http:\/\/www.obispadorqta.org.ar\/v3\/?p=6468"},"modified":"2021-05-17T11:28:08","modified_gmt":"2021-05-17T14:28:08","slug":"salud-de-nuestro-obispo-diocesano-mons-angel-jose-macin","status":"publish","type":"post","link":"https:\/\/www.obispadorqta.org.ar\/v3\/salud-de-nuestro-obispo-diocesano-mons-angel-jose-macin\/","title":{"rendered":"Salud de Nuestro Obispo Diocesano, Mons. \u00c1ngel Jos\u00e9 Mac\u00edn"},"content":{"rendered":"<p>Informamos a la comunidad diocesana que nuestro obispo, producto de una inflamaci\u00f3n en la pierna derecha, estuvo internado en el Sanatorio Norte de la ciudad de Avellaneda, recibiendo un tratamiento adecuado.<\/p>\n<p>En el d\u00eda de hoy fue dado de alta para continuar dicho tratamiento en su casa, por este motivo durante toda la semana estar\u00e1 guardando reposo absoluto.<\/p>\n<p>Agradecemos a todo el pueblo de Dios las oraciones pidiendo al Se\u00f1or por su pronta recuperaci\u00f3n.<\/p>\n<p>Mons. Silvio O. Fabbro<br \/>\nVicario General<\/p>\n","protected":false},"excerpt":{"rendered":"<div class=\"mh-excerpt\"><p>Informamos a la comunidad diocesana que nuestro obispo, producto de una inflamaci\u00f3n en la pierna derecha, estuvo internado en el Sanatorio Norte de la ciudad <a class=\"mh-excerpt-more\" href=\"https:\/\/www.obispadorqta.org.ar\/v3\/salud-de-nuestro-obispo-diocesano-mons-angel-jose-macin\/\" title=\"Salud de Nuestro Obispo Diocesano, Mons. \u00c1ngel Jos\u00e9 Mac\u00edn\">[&#8230;]<\/a><\/p>\n<\/div>","protected":false},"author":2,"featured_media":6472,"comment_status":"closed","ping_status":"open","sticky":false,"template":"","format":"standard","meta":{"footnotes":""},"categories":[6,28],"tags":[],"class_list":["post-6468","post","type-post","status-publish","format-standard","has-post-thumbnail","hentry","category-news","category-latest-news"],"_links":{"self":[{"href":"https:\/\/www.obispadorqta.org.ar\/v3\/wp-json\/wp\/v2\/posts\/6468","targetHints":{"allow":["GET"]}}],"collection":[{"href":"https:\/\/www.obispadorqta.org.ar\/v3\/wp-json\/wp\/v2\/posts"}],"about":[{"href":"https:\/\/www.obispadorqta.org.ar\/v3\/wp-json\/wp\/v2\/types\/post"}],"author":[{"embeddable":true,"href":"https:\/\/www.obispadorqta.org.ar\/v3\/wp-json\/wp\/v2\/users\/2"}],"replies":[{"embeddable":true,"href":"https:\/\/www.obispadorqta.org.ar\/v3\/wp-json\/wp\/v2\/comments?post=6468"}],"version-history":[{"count":1,"href":"https:\/\/www.obispadorqta.org.ar\/v3\/wp-json\/wp\/v2\/posts\/6468\/revisions"}],"predecessor-version":[{"id":6469,"href":"https:\/\/www.obispadorqta.org.ar\/v3\/wp-json\/wp\/v2\/posts\/6468\/revisions\/6469"}],"wp:featuredmedia":[{"embeddable":true,"href":"https:\/\/www.obispadorqta.org.ar\/v3\/wp-json\/wp\/v2\/media\/6472"}],"wp:attachment":[{"href":"https:\/\/www.obispadorqta.org.ar\/v3\/wp-json\/wp\/v2\/media?parent=6468"}],"wp:term":[{"taxonomy":"category","embeddable":true,"href":"https:\/\/www.obispadorqta.org.ar\/v3\/wp-json\/wp\/v2\/categories?post=6468"},{"taxonomy":"post_tag","embeddable":true,"href":"https:\/\/www.obispadorqta.org.ar\/v3\/wp-json\/wp\/v2\/tags?post=6468"}],"curies":[{"name":"wp","href":"https:\/\/api.w.org\/{rel}","templated":true}]}}