{"id":6474,"date":"2021-05-21T11:51:57","date_gmt":"2021-05-21T14:51:57","guid":{"rendered":"http:\/\/www.obispadorqta.org.ar\/v3\/?p=6474"},"modified":"2021-05-28T10:38:57","modified_gmt":"2021-05-28T13:38:57","slug":"pentecostes-lanzamiento-diocesano-de-la-asamblea-eclesial-latinoamerica","status":"publish","type":"post","link":"https:\/\/www.obispadorqta.org.ar\/v3\/pentecostes-lanzamiento-diocesano-de-la-asamblea-eclesial-latinoamerica\/","title":{"rendered":"PENTECOSTES: Lanzamiento Diocesano de la Asamblea Eclesial Latinoam\u00e9rica"},"content":{"rendered":"<p style=\"text-align: center;\"><strong><em>\u201cTODOS SOMOS DISC\u00cdPULOS MISIONEROS EN SALIDA\u201d<\/em><\/strong><\/p>\n<p style=\"text-align: justify;\">La Asamblea Eclesial de Am\u00e9rica Latina y el Caribe, pretende ser una experiencia de escucha, di\u00e1logo y encuentro, a la luz de la Palabra de Dios, del Documento de Aparecida y del Magisterio del Papa Francisco, para contemplar la realidad de nuestros pueblos, profundizar en los desaf\u00edos del continente en el contexto de la pandemia por el Covid-19, reavivar nuestro compromiso pastoral y buscar nuevos caminos para que todos tengamos vida en abundancia.<\/p>\n<p style=\"text-align: justify;\">El Celam, hace la invitaci\u00f3n a participar en esta asamblea recordando que <em>\u201cTodos somos disc\u00edpulos misioneros en salida\u201d<\/em>, este lema convoca, en comuni\u00f3n con el Papa Francisco, a emprender un itinerario participativo para discernir los nuevos caminos que debemos transitar para responder a los desaf\u00edos pastorales de la Iglesia en Am\u00e9rica Latina y el Caribe, en el contexto actual, al tiempo que haremos memoria de la V Conferencia General del Episcopado Latinoamericano celebrada en Aparecida (Brasil), en 2007.<\/p>\n<p style=\"text-align: justify;\">En esp\u00edritu sinodal, vivi\u00e9remos esta primera Asamblea Eclesial Latinoam\u00e9rica, la cual se llevar\u00e1 a cabo en dos fases: <strong>La primera<\/strong> es un proceso amplio de escucha al Pueblo de Dios (se extender\u00e1 hasta la mitad del mes de julio) y <strong>la segunda<\/strong>, un momento presencia que tendr\u00e1 lugar entre el 21 al 28 de noviembre de 2021, en el Santuario de Nuestra Se\u00f1ora de Guadalupe en la ciudad de M\u00e9xico, simult\u00e1neamente en varios lugares de toda la regi\u00f3n.<\/p>\n<p style=\"text-align: justify;\">En nuestra di\u00f3cesis, realizaremos el lanzamiento de esta Asamblea en la Misa del domingo 23 de mayo, Festividad de Pentecost\u00e9s, que se transmitir\u00e1 desde la Capilla Esp\u00edritu Santo, Parroquia Inmaculada Concepci\u00f3n de Reconquista, a las 18.00 hs., a trav\u00e9s del Facebook de la Di\u00f3cesis de Reconquista: https:\/\/www.facebook.com\/obispado.reconquista<\/p>\n<p style=\"text-align: justify;\">En el a\u00f1o de San Jos\u00e9, emprendamos este camino sinodal buscando el sue\u00f1o de Dios para la Iglesia en Latinoam\u00e9rica y el Caribe.<\/p>\n<p style=\"text-align: justify;\">\n","protected":false},"excerpt":{"rendered":"<div class=\"mh-excerpt\"><p>\u201cTODOS SOMOS DISC\u00cdPULOS MISIONEROS EN SALIDA\u201d La Asamblea Eclesial de Am\u00e9rica Latina y el Caribe, pretende ser una experiencia de escucha, di\u00e1logo y encuentro, a <a class=\"mh-excerpt-more\" href=\"https:\/\/www.obispadorqta.org.ar\/v3\/pentecostes-lanzamiento-diocesano-de-la-asamblea-eclesial-latinoamerica\/\" title=\"PENTECOSTES: Lanzamiento Diocesano de la Asamblea Eclesial Latinoam\u00e9rica\">[&#8230;]<\/a><\/p>\n<\/div>","protected":false},"author":3,"featured_media":6475,"comment_status":"closed","ping_status":"open","sticky":false,"template":"","format":"standard","meta":{"footnotes":""},"categories":[6,28],"tags":[],"class_list":["post-6474","post","type-post","status-publish","format-standard","has-post-thumbnail","hentry","category-news","category-latest-news"],"_links":{"self":[{"href":"https:\/\/www.obispadorqta.org.ar\/v3\/wp-json\/wp\/v2\/posts\/6474","targetHints":{"allow":["GET"]}}],"collection":[{"href":"https:\/\/www.obispadorqta.org.ar\/v3\/wp-json\/wp\/v2\/posts"}],"about":[{"href":"https:\/\/www.obispadorqta.org.ar\/v3\/wp-json\/wp\/v2\/types\/post"}],"author":[{"embeddable":true,"href":"https:\/\/www.obispadorqta.org.ar\/v3\/wp-json\/wp\/v2\/users\/3"}],"replies":[{"embeddable":true,"href":"https:\/\/www.obispadorqta.org.ar\/v3\/wp-json\/wp\/v2\/comments?post=6474"}],"version-history":[{"count":10,"href":"https:\/\/www.obispadorqta.org.ar\/v3\/wp-json\/wp\/v2\/posts\/6474\/revisions"}],"predecessor-version":[{"id":6488,"href":"https:\/\/www.obispadorqta.org.ar\/v3\/wp-json\/wp\/v2\/posts\/6474\/revisions\/6488"}],"wp:featuredmedia":[{"embeddable":true,"href":"https:\/\/www.obispadorqta.org.ar\/v3\/wp-json\/wp\/v2\/media\/6475"}],"wp:attachment":[{"href":"https:\/\/www.obispadorqta.org.ar\/v3\/wp-json\/wp\/v2\/media?parent=6474"}],"wp:term":[{"taxonomy":"category","embeddable":true,"href":"https:\/\/www.obispadorqta.org.ar\/v3\/wp-json\/wp\/v2\/categories?post=6474"},{"taxonomy":"post_tag","embeddable":true,"href":"https:\/\/www.obispadorqta.org.ar\/v3\/wp-json\/wp\/v2\/tags?post=6474"}],"curies":[{"name":"wp","href":"https:\/\/api.w.org\/{rel}","templated":true}]}}