{"id":6478,"date":"2021-05-21T09:52:58","date_gmt":"2021-05-21T12:52:58","guid":{"rendered":"http:\/\/www.obispadorqta.org.ar\/v3\/?p=6478"},"modified":"2021-05-21T09:54:44","modified_gmt":"2021-05-21T12:54:44","slug":"pentecostes-una-fiesta-para-vivir-en-nuestras-casas","status":"publish","type":"post","link":"https:\/\/www.obispadorqta.org.ar\/v3\/pentecostes-una-fiesta-para-vivir-en-nuestras-casas\/","title":{"rendered":"Pentecost\u00e9s: Una fiesta para vivir en nuestras Casas"},"content":{"rendered":"<p style=\"text-align: justify;\">Los grandes acontecimientos de nuestra fe sucedieron en casa; uno de ellos es Pentecost\u00e9s <em><strong>\u201c\u2026estaban todos reunidos en el mismo lugar. De pronto, vino del cielo un ruido, semejante a una fuerte r\u00e1faga de viento, que reson\u00f3 en toda la casa donde se encontraban\u201d<\/strong><\/em>. (Hech 2, 1-2)<\/p>\n<p style=\"text-align: justify;\">Pentecost\u00e9s, es la venida del Esp\u00edritu Santo. Este a\u00f1o, nos toca esperar y recibir al Esp\u00edritu en nuestras casas, nuestra peque\u00f1a Iglesia dom\u00e9stica. Te invitamos a rezar, invocando en <strong>comuni\u00f3n espiritual,<\/strong> la Fuerza de lo Alto,\u00a0sobre todo el mundo aquejado por esta pandemia.<\/p>\n<p style=\"text-align: center;\"><strong>\u00a1\u00a1\u00a1Feliz Pentecost\u00e9s!!!<\/strong><\/p>\n","protected":false},"excerpt":{"rendered":"<div class=\"mh-excerpt\"><p>Los grandes acontecimientos de nuestra fe sucedieron en casa; uno de ellos es Pentecost\u00e9s \u201c\u2026estaban todos reunidos en el mismo lugar. De pronto, vino del <a class=\"mh-excerpt-more\" href=\"https:\/\/www.obispadorqta.org.ar\/v3\/pentecostes-una-fiesta-para-vivir-en-nuestras-casas\/\" title=\"Pentecost\u00e9s: Una fiesta para vivir en nuestras Casas\">[&#8230;]<\/a><\/p>\n<\/div>","protected":false},"author":3,"featured_media":6479,"comment_status":"closed","ping_status":"open","sticky":false,"template":"","format":"standard","meta":{"footnotes":""},"categories":[6,28],"tags":[],"class_list":["post-6478","post","type-post","status-publish","format-standard","has-post-thumbnail","hentry","category-news","category-latest-news"],"_links":{"self":[{"href":"https:\/\/www.obispadorqta.org.ar\/v3\/wp-json\/wp\/v2\/posts\/6478","targetHints":{"allow":["GET"]}}],"collection":[{"href":"https:\/\/www.obispadorqta.org.ar\/v3\/wp-json\/wp\/v2\/posts"}],"about":[{"href":"https:\/\/www.obispadorqta.org.ar\/v3\/wp-json\/wp\/v2\/types\/post"}],"author":[{"embeddable":true,"href":"https:\/\/www.obispadorqta.org.ar\/v3\/wp-json\/wp\/v2\/users\/3"}],"replies":[{"embeddable":true,"href":"https:\/\/www.obispadorqta.org.ar\/v3\/wp-json\/wp\/v2\/comments?post=6478"}],"version-history":[{"count":1,"href":"https:\/\/www.obispadorqta.org.ar\/v3\/wp-json\/wp\/v2\/posts\/6478\/revisions"}],"predecessor-version":[{"id":6480,"href":"https:\/\/www.obispadorqta.org.ar\/v3\/wp-json\/wp\/v2\/posts\/6478\/revisions\/6480"}],"wp:featuredmedia":[{"embeddable":true,"href":"https:\/\/www.obispadorqta.org.ar\/v3\/wp-json\/wp\/v2\/media\/6479"}],"wp:attachment":[{"href":"https:\/\/www.obispadorqta.org.ar\/v3\/wp-json\/wp\/v2\/media?parent=6478"}],"wp:term":[{"taxonomy":"category","embeddable":true,"href":"https:\/\/www.obispadorqta.org.ar\/v3\/wp-json\/wp\/v2\/categories?post=6478"},{"taxonomy":"post_tag","embeddable":true,"href":"https:\/\/www.obispadorqta.org.ar\/v3\/wp-json\/wp\/v2\/tags?post=6478"}],"curies":[{"name":"wp","href":"https:\/\/api.w.org\/{rel}","templated":true}]}}