{"id":6497,"date":"2021-05-31T09:56:17","date_gmt":"2021-05-31T12:56:17","guid":{"rendered":"http:\/\/www.obispadorqta.org.ar\/v3\/?p=6497"},"modified":"2021-05-31T09:56:33","modified_gmt":"2021-05-31T12:56:33","slug":"campana-un-abrazo-abrigador","status":"publish","type":"post","link":"https:\/\/www.obispadorqta.org.ar\/v3\/campana-un-abrazo-abrigador\/","title":{"rendered":"Campa\u00f1a \u00abun abrazo abrigador\u00bb"},"content":{"rendered":"<p style=\"text-align: justify;\">Estamos invitando a la campa\u00f1a que se realizar\u00e1 desde el d\u00eda 31 de mayo al 4 de junio. Queremos contar con el aporte de toda la comunidad debido a su situaci\u00f3n econ\u00f3mica y de la pandemia que venimos atravesando hace un a\u00f1o y medio, por esta raz\u00f3n, necesitamos de tu ayuda en: ropa de abrigo de ni\u00f1os y adultos, tambi\u00e9n frazadas, mantas, colchones y calzados en buen estado para ser usado inmediatamente.<\/p>\n<p style=\"text-align: justify;\">Los lugares de entrega:<\/p>\n<p style=\"text-align: justify;\">&#8211; <strong>Parroquia \u201cSan Roque\u201d<\/strong> (Jesusa T. de Chapero y Calle 43) los d\u00edas martes y jueves por la ma\u00f1ana de 09.00 horas a 10.30 horas.<\/p>\n<p style=\"text-align: justify;\">&#8211; <strong>Parroquia \u201cSan Jos\u00e9\u201d, Casa Nazaret<\/strong> (Calle Alicia Moreau 2102) los d\u00edas lunes y mi\u00e9rcoles de 14. 00 horas a 17:00 horas.<\/p>\n<p style=\"text-align: justify;\"><strong>&#8211; C\u00e1ritas \u201cSan Martin\u00a0de Porres\u201d<\/strong> de las parroquias <strong>\u201c<\/strong><strong>Inmaculada Concepci\u00f3n\u201d <\/strong>y<strong> \u201cMar\u00eda Madre de Dios\u201d<\/strong> (Calle Amen\u00e1bar y Pueyrred\u00f3n 1498): los d\u00edas que realizar\u00e1n atenci\u00f3n son: por la ma\u00f1ana de lunes a viernes de 08,00 horas a 12.00 horas y por la tarde de 15.00 horas a 17.00 horas.<\/p>\n<p style=\"text-align: justify;\"><strong>&#8211; Parroquia<\/strong> <strong>\u201cNuestra Se\u00f1ora de la Merced\u201d<\/strong>, de Avellaneda (Calle 15 y 14), los horarios de atenci\u00f3n ser\u00e1n de lunes a viernes de 09.00 horas a 12.00 horas solamente por la ma\u00f1ana.<\/p>\n<p style=\"text-align: justify;\"><strong>Sede Diocesana<\/strong> (Mitre 289:), los d\u00edas de atenci\u00f3n van hacer por la ma\u00f1ana, de lunes a viernes de 09.00 a 11 horas y por la tarde de 15.00 a 17.00 horas.<\/p>\n<p style=\"text-align: justify;\">Lo recaudado en esta campa\u00f1a sera distribuido a las parroquias m\u00e1s necesitadas de nuestra Di\u00f3cesis.<\/p>\n<p style=\"text-align: justify;\">Nos despedimos con un saludo cordial.<\/p>\n<p style=\"text-align: right;\"><em>\u201cEstuve desnudo y me vestiste\u201d<\/em> (Mateo, 25-36)<br \/>\nC\u00e1ritas Diocesana Reconquista<\/p>\n","protected":false},"excerpt":{"rendered":"<div class=\"mh-excerpt\"><p>Estamos invitando a la campa\u00f1a que se realizar\u00e1 desde el d\u00eda 31 de mayo al 4 de junio. Queremos contar con el aporte de toda <a class=\"mh-excerpt-more\" href=\"https:\/\/www.obispadorqta.org.ar\/v3\/campana-un-abrazo-abrigador\/\" title=\"Campa\u00f1a \u00abun abrazo abrigador\u00bb\">[&#8230;]<\/a><\/p>\n<\/div>","protected":false},"author":2,"featured_media":6498,"comment_status":"closed","ping_status":"open","sticky":false,"template":"","format":"standard","meta":{"footnotes":""},"categories":[6,28],"tags":[],"class_list":["post-6497","post","type-post","status-publish","format-standard","has-post-thumbnail","hentry","category-news","category-latest-news"],"_links":{"self":[{"href":"https:\/\/www.obispadorqta.org.ar\/v3\/wp-json\/wp\/v2\/posts\/6497","targetHints":{"allow":["GET"]}}],"collection":[{"href":"https:\/\/www.obispadorqta.org.ar\/v3\/wp-json\/wp\/v2\/posts"}],"about":[{"href":"https:\/\/www.obispadorqta.org.ar\/v3\/wp-json\/wp\/v2\/types\/post"}],"author":[{"embeddable":true,"href":"https:\/\/www.obispadorqta.org.ar\/v3\/wp-json\/wp\/v2\/users\/2"}],"replies":[{"embeddable":true,"href":"https:\/\/www.obispadorqta.org.ar\/v3\/wp-json\/wp\/v2\/comments?post=6497"}],"version-history":[{"count":2,"href":"https:\/\/www.obispadorqta.org.ar\/v3\/wp-json\/wp\/v2\/posts\/6497\/revisions"}],"predecessor-version":[{"id":6500,"href":"https:\/\/www.obispadorqta.org.ar\/v3\/wp-json\/wp\/v2\/posts\/6497\/revisions\/6500"}],"wp:featuredmedia":[{"embeddable":true,"href":"https:\/\/www.obispadorqta.org.ar\/v3\/wp-json\/wp\/v2\/media\/6498"}],"wp:attachment":[{"href":"https:\/\/www.obispadorqta.org.ar\/v3\/wp-json\/wp\/v2\/media?parent=6497"}],"wp:term":[{"taxonomy":"category","embeddable":true,"href":"https:\/\/www.obispadorqta.org.ar\/v3\/wp-json\/wp\/v2\/categories?post=6497"},{"taxonomy":"post_tag","embeddable":true,"href":"https:\/\/www.obispadorqta.org.ar\/v3\/wp-json\/wp\/v2\/tags?post=6497"}],"curies":[{"name":"wp","href":"https:\/\/api.w.org\/{rel}","templated":true}]}}