{"id":6501,"date":"2021-06-03T12:24:52","date_gmt":"2021-06-03T15:24:52","guid":{"rendered":"http:\/\/www.obispadorqta.org.ar\/v3\/?p=6501"},"modified":"2021-06-04T12:28:01","modified_gmt":"2021-06-04T15:28:01","slug":"mensaje-al-pueblo-de-dios-con-ocasion-de-la-prolongacion-de-la-pandemia","status":"publish","type":"post","link":"https:\/\/www.obispadorqta.org.ar\/v3\/mensaje-al-pueblo-de-dios-con-ocasion-de-la-prolongacion-de-la-pandemia\/","title":{"rendered":"Mensaje al Pueblo de Dios con ocasi\u00f3n de la prolongaci\u00f3n de la Pandemia"},"content":{"rendered":"<h4 style=\"text-align: center;\"><em><strong>\u201cY ENJUGAR\u00c1 LAS L\u00c1GRIMAS DE SUS OJOS\u2026\u201d (Ap 21,4)<\/strong><\/em><\/h4>\n<p style=\"text-align: justify;\"><span style=\"color: #000000;\">Hace ya m\u00e1s de un a\u00f1o vivimos con incertidumbre y dolor, que no parece disminuir. Durante este tiempo, se han sucedido varias cosas: hemos rezado, hemos intentado un trabajo pastoral alternativo, con celebraciones seguidas por v\u00eda digital\u2026tambi\u00e9n variadas actividades en el orden de la caridad.<\/span><\/p>\n<p style=\"text-align: justify;\"><span style=\"color: #000000;\">Ante la persistencia y la gravedad de la pandemia, con todas sus consecuencias, hoy simplemente quiero invitarlos a orar, a orar sin desfallecer, para que DIOS NOS LIBRE DE ESTA PESTE, y nos de la fortaleza para sobrellevarla.<\/span><\/p>\n<p style=\"text-align: justify;\"><span style=\"color: #000000;\">Por eso, convoco a las parroquias, a los movimientos, a las comunidades de consagrados\/as y otros grupos que formamos la Iglesia de Reconquista, a unirnos en una<strong> Jornada de Ayuno y Oraci\u00f3n, pidiendo el fin de la Pandemia, el pr\u00f3ximo viernes 4, desde las 6 hasta las 24<\/strong>. Cada una de las comunidades nombradas, que rezar\u00e1n el rosario desde sus casas, se inscribir\u00e1 en una planilla que desde hoy estar\u00e1 disponible en la recepci\u00f3n del Obispado, cubriendo as\u00ed toda la jornada.<\/span><\/p>\n<p style=\"text-align: justify;\"><span style=\"color: #000000;\">Luego, el domingo 6, solemnidad del \u201cCorpus Christi\u201d, sabiendo que en este misterio se incluye la comuni\u00f3n de los Santos, presidir\u00e9 la<strong> Santa Misa, a las 19 hs., en la Capilla del Obispado, pidiendo por quienes han partido en este tiempo,<\/strong> especialmente como consecuencia del COVID &#8211; 19. Antes habr\u00e1 un momento de adoraci\u00f3n al Sant\u00edsimo. Todo ser\u00e1 transmitido por las redes sociales. Durante ese tiempo, pueden nombrar a sus seres queridos difuntos, sea por Facebook, sea a trav\u00e9s de un mensaje a un n\u00famero de celular que ser\u00e1 habilitado para la ocasi\u00f3n.<\/span><\/p>\n<p style=\"text-align: justify;\"><span style=\"color: #000000;\">Por \u00faltimo, los invito a pensar y pedir al Esp\u00edritu Santo nos estimule a acciones concretas que respondan a lo que podr\u00edamos llamar una \u201cPastoral de la Pandemia\u201d, ya que evidentemente no es algo pasajero, sino algo que est\u00e1 afectando los cimientos de nuestra vida. Un indicador para este camino es la \u201cPastoral del Duelo\u201d, en pleno proceso de formaci\u00f3n, y que pronto podr\u00e1 prestar un servicio en este campo. A quienes quieran sumarse, dirigirse a los Di\u00e1conos de nuestra Di\u00f3cesis.<\/span><\/p>\n<p style=\"text-align: justify;\"><span style=\"color: #000000;\">Sede Episcopal de Reconquista, lunes 31 de mayo de 2021, Fiesta de la Visitaci\u00f3n de Mar\u00eda.<\/span><\/p>\n","protected":false},"excerpt":{"rendered":"<div class=\"mh-excerpt\"><p>\u201cY ENJUGAR\u00c1 LAS L\u00c1GRIMAS DE SUS OJOS\u2026\u201d (Ap 21,4) Hace ya m\u00e1s de un a\u00f1o vivimos con incertidumbre y dolor, que no parece disminuir. Durante <a class=\"mh-excerpt-more\" href=\"https:\/\/www.obispadorqta.org.ar\/v3\/mensaje-al-pueblo-de-dios-con-ocasion-de-la-prolongacion-de-la-pandemia\/\" title=\"Mensaje al Pueblo de Dios con ocasi\u00f3n de la prolongaci\u00f3n de la Pandemia\">[&#8230;]<\/a><\/p>\n<\/div>","protected":false},"author":3,"featured_media":6538,"comment_status":"closed","ping_status":"open","sticky":false,"template":"","format":"standard","meta":{"footnotes":""},"categories":[6,28],"tags":[],"class_list":["post-6501","post","type-post","status-publish","format-standard","has-post-thumbnail","hentry","category-news","category-latest-news"],"_links":{"self":[{"href":"https:\/\/www.obispadorqta.org.ar\/v3\/wp-json\/wp\/v2\/posts\/6501","targetHints":{"allow":["GET"]}}],"collection":[{"href":"https:\/\/www.obispadorqta.org.ar\/v3\/wp-json\/wp\/v2\/posts"}],"about":[{"href":"https:\/\/www.obispadorqta.org.ar\/v3\/wp-json\/wp\/v2\/types\/post"}],"author":[{"embeddable":true,"href":"https:\/\/www.obispadorqta.org.ar\/v3\/wp-json\/wp\/v2\/users\/3"}],"replies":[{"embeddable":true,"href":"https:\/\/www.obispadorqta.org.ar\/v3\/wp-json\/wp\/v2\/comments?post=6501"}],"version-history":[{"count":3,"href":"https:\/\/www.obispadorqta.org.ar\/v3\/wp-json\/wp\/v2\/posts\/6501\/revisions"}],"predecessor-version":[{"id":6539,"href":"https:\/\/www.obispadorqta.org.ar\/v3\/wp-json\/wp\/v2\/posts\/6501\/revisions\/6539"}],"wp:featuredmedia":[{"embeddable":true,"href":"https:\/\/www.obispadorqta.org.ar\/v3\/wp-json\/wp\/v2\/media\/6538"}],"wp:attachment":[{"href":"https:\/\/www.obispadorqta.org.ar\/v3\/wp-json\/wp\/v2\/media?parent=6501"}],"wp:term":[{"taxonomy":"category","embeddable":true,"href":"https:\/\/www.obispadorqta.org.ar\/v3\/wp-json\/wp\/v2\/categories?post=6501"},{"taxonomy":"post_tag","embeddable":true,"href":"https:\/\/www.obispadorqta.org.ar\/v3\/wp-json\/wp\/v2\/tags?post=6501"}],"curies":[{"name":"wp","href":"https:\/\/api.w.org\/{rel}","templated":true}]}}