{"id":6554,"date":"2021-06-08T11:33:19","date_gmt":"2021-06-08T14:33:19","guid":{"rendered":"http:\/\/www.obispadorqta.org.ar\/v3\/?p=6554"},"modified":"2021-06-08T12:26:55","modified_gmt":"2021-06-08T15:26:55","slug":"5-minutos-para-dios","status":"publish","type":"post","link":"https:\/\/www.obispadorqta.org.ar\/v3\/5-minutos-para-dios\/","title":{"rendered":"5 MINUTOS PARA DIOS"},"content":{"rendered":"<p><span style=\"color: #000000;\">Estimado hermano<\/span><\/p>\n<p style=\"text-align: justify;\"><span style=\"color: #000000;\"><em>\u201cPorque \u00c9l no ha despreciado ni aborrecido la aflicci\u00f3n del angustiado, ni le ha escondido su rostro; sino que cuando clam\u00f3 al Se\u00f1or, lo escuch\u00f3\u201d<\/em> (Salmo 22, 25). Conscientes del gran amor de Dios, conscientes de nuestros l\u00edmites y que Dios escucha al hombre que clama en su aflicci\u00f3n, nos uniremos en oraci\u00f3n por el fin de la pandemia.<\/span><\/p>\n<p style=\"text-align: justify;\"><span style=\"color: #000000;\">Como lo anunciara el obispo al final de la misa del Corpus Christi, <strong>este viernes 11<\/strong>, <strong>Solemnidad del Sagrado Coraz\u00f3n de Jes\u00fas, a las 15:00<\/strong>, hora en que nuestro Se\u00f1or Jesucristo entreg\u00f3 su vida por nosotros, pedimos a Dios que tenga misericordia de nosotros y del mundo entero, liber\u00e1ndonos de la pandemia.<\/span><\/p>\n<p style=\"text-align: justify;\"><span style=\"color: #000000;\">Es una invitaci\u00f3n a todos, ancianos, adultos, j\u00f3venes, ni\u00f1os, en el lugar que se encuentren, a unirse en la oraci\u00f3n por el fin de la pandemia, clamando a Aquel que nos escucha y puede salvarnos.<\/span><\/p>\n<p style=\"text-align: right;\"><span style=\"color: #000000;\"><strong>Di\u00f3cesis de Reconquista<\/strong><\/span><\/p>\n","protected":false},"excerpt":{"rendered":"<div class=\"mh-excerpt\"><p>Estimado hermano \u201cPorque \u00c9l no ha despreciado ni aborrecido la aflicci\u00f3n del angustiado, ni le ha escondido su rostro; sino que cuando clam\u00f3 al Se\u00f1or, <a class=\"mh-excerpt-more\" href=\"https:\/\/www.obispadorqta.org.ar\/v3\/5-minutos-para-dios\/\" title=\"5 MINUTOS PARA DIOS\">[&#8230;]<\/a><\/p>\n<\/div>","protected":false},"author":3,"featured_media":6564,"comment_status":"closed","ping_status":"open","sticky":false,"template":"","format":"standard","meta":{"footnotes":""},"categories":[6,28],"tags":[],"class_list":["post-6554","post","type-post","status-publish","format-standard","has-post-thumbnail","hentry","category-news","category-latest-news"],"_links":{"self":[{"href":"https:\/\/www.obispadorqta.org.ar\/v3\/wp-json\/wp\/v2\/posts\/6554","targetHints":{"allow":["GET"]}}],"collection":[{"href":"https:\/\/www.obispadorqta.org.ar\/v3\/wp-json\/wp\/v2\/posts"}],"about":[{"href":"https:\/\/www.obispadorqta.org.ar\/v3\/wp-json\/wp\/v2\/types\/post"}],"author":[{"embeddable":true,"href":"https:\/\/www.obispadorqta.org.ar\/v3\/wp-json\/wp\/v2\/users\/3"}],"replies":[{"embeddable":true,"href":"https:\/\/www.obispadorqta.org.ar\/v3\/wp-json\/wp\/v2\/comments?post=6554"}],"version-history":[{"count":2,"href":"https:\/\/www.obispadorqta.org.ar\/v3\/wp-json\/wp\/v2\/posts\/6554\/revisions"}],"predecessor-version":[{"id":6565,"href":"https:\/\/www.obispadorqta.org.ar\/v3\/wp-json\/wp\/v2\/posts\/6554\/revisions\/6565"}],"wp:featuredmedia":[{"embeddable":true,"href":"https:\/\/www.obispadorqta.org.ar\/v3\/wp-json\/wp\/v2\/media\/6564"}],"wp:attachment":[{"href":"https:\/\/www.obispadorqta.org.ar\/v3\/wp-json\/wp\/v2\/media?parent=6554"}],"wp:term":[{"taxonomy":"category","embeddable":true,"href":"https:\/\/www.obispadorqta.org.ar\/v3\/wp-json\/wp\/v2\/categories?post=6554"},{"taxonomy":"post_tag","embeddable":true,"href":"https:\/\/www.obispadorqta.org.ar\/v3\/wp-json\/wp\/v2\/tags?post=6554"}],"curies":[{"name":"wp","href":"https:\/\/api.w.org\/{rel}","templated":true}]}}