{"id":6566,"date":"2021-06-09T10:01:10","date_gmt":"2021-06-09T13:01:10","guid":{"rendered":"http:\/\/www.obispadorqta.org.ar\/v3\/?p=6566"},"modified":"2021-06-09T10:03:19","modified_gmt":"2021-06-09T13:03:19","slug":"colecta-anual-de-caritas-8","status":"publish","type":"post","link":"https:\/\/www.obispadorqta.org.ar\/v3\/colecta-anual-de-caritas-8\/","title":{"rendered":"COLECTA ANUAL DE CARITAS"},"content":{"rendered":"<h4 style=\"text-align: center;\"><em><strong>\u00ab<span style=\"color: #000000;\">En tiempos dif\u00edciles, compartamos m\u00e1s\u00bb<\/span><\/strong><\/em><\/h4>\n<p style=\"text-align: justify;\"><span style=\"color: #000000;\">Bajo este lema, este <strong>s\u00e1bado 12 y domingo 13 de junio<\/strong>, se llevar\u00e1 a cabo, en todo pa\u00eds, la Colecta Anual de Caritas. <\/span><\/p>\n<p style=\"text-align: justify;\"><span style=\"color: #000000;\">En el contexto de la emergencia sanitaria que estamos viviendo, la Colecta Anual de C\u00e1ritas se convierte en una oportunidad privilegiada de encuentro solidario. Hoy, m\u00e1s que nunca, nos reunimos como comunidad creyente para hacer un llamado a toda la sociedad, con el fin de crear mayor conciencia y promover el compromiso con los hermanos m\u00e1s pobres y excluidos de nuestro pa\u00eds.<\/span><\/p>\n<div style=\"width: 640px;\" class=\"wp-video\"><video class=\"wp-video-shortcode\" id=\"video-6566-1\" width=\"640\" height=\"352\" preload=\"metadata\" controls=\"controls\"><source type=\"video\/mp4\" src=\"https:\/\/www.obispadorqta.org.ar\/v3\/wp-content\/uploads\/2021\/06\/VID-20210608-WA0015.mp4?_=1\" \/><a href=\"https:\/\/www.obispadorqta.org.ar\/v3\/wp-content\/uploads\/2021\/06\/VID-20210608-WA0015.mp4\">https:\/\/www.obispadorqta.org.ar\/v3\/wp-content\/uploads\/2021\/06\/VID-20210608-WA0015.mp4<\/a><\/video><\/div>\n<p style=\"text-align: justify;\"><span style=\"color: #000000;\">La Colecta Anual de Caritas es la oportunidad para realizar juntos un gesto de amor y de fe. Es un gesto prof\u00e9tico en la prolongada pandemia que vivimos. Es una luz que nos indica un camino para no salir iguales de ella, sino mejores, en una humanidad que ha transitado caminos de mucha ambici\u00f3n desmedida y destructora del ser humano en su dignidad y de nuestra Casa Com\u00fan.<\/span><\/p>\n<p style=\"text-align: justify;\">El dinero recaudado en la Colecta ayudar\u00e1 a sostener, durante todo el a\u00f1o, numerosos programas de educaci\u00f3n, econom\u00eda social y solidaria, adicciones, autoconstrucci\u00f3n de viviendas, asesor\u00edas legales, asistencia sanitaria y ayuda inmediata ante realidades de pobreza, emergencias clim\u00e1ticas o situaciones urgentes creadas por la pandemia, que se implementan a trav\u00e9s de m\u00e1s de 3.500 comunidades de C\u00e1ritas en las 66 di\u00f3cesis del pa\u00eds.<\/p>\n<div style=\"width: 512px;\" class=\"wp-video\"><video class=\"wp-video-shortcode\" id=\"video-6566-2\" width=\"512\" height=\"640\" preload=\"metadata\" controls=\"controls\"><source type=\"video\/mp4\" src=\"https:\/\/www.obispadorqta.org.ar\/v3\/wp-content\/uploads\/2021\/06\/VID-20210608-WA0014.mp4?_=2\" \/><a href=\"https:\/\/www.obispadorqta.org.ar\/v3\/wp-content\/uploads\/2021\/06\/VID-20210608-WA0014.mp4\">https:\/\/www.obispadorqta.org.ar\/v3\/wp-content\/uploads\/2021\/06\/VID-20210608-WA0014.mp4<\/a><\/video><\/div>\n<p style=\"text-align: justify;\">\nLa Colecta es, de este modo, un aporte invalorable para poder sostener el trabajo durante \u00abel d\u00eda despu\u00e9s\u00bb de esta emergencia sanitaria, cuando llegue el tiempo de recomponer entre todos las consecuencias sociales y humanas de la pandemia, acompa\u00f1ando a las personas y familias en su esfuerzo por reconstruir sus vidas. Ser\u00e1 un camino largo para el cual nos preparamos, acompa\u00f1ados por la solidaridad de todos.<\/p>\n<p style=\"text-align: justify;\">En este a\u00f1o tan dif\u00edcil para todos necesitamos superarnos. Renovemos nuestro compromiso y colaboremos con generosidad en la Colecta Anual de C\u00e1ritas, para brindar una ayuda concreta y efectiva a tantos hermanos que, con enorme esperanza, trabajan por lograr condiciones de vida m\u00e1s dignas y acceder a verdaderas oportunidades de inclusi\u00f3n.<\/p>\n<p><img loading=\"lazy\" decoding=\"async\" class=\"aligncenter size-full wp-image-6570\" src=\"https:\/\/www.obispadorqta.org.ar\/v3\/wp-content\/uploads\/2021\/06\/IMG-20210608-WA0013.jpg\" alt=\"\" width=\"720\" height=\"504\" srcset=\"https:\/\/www.obispadorqta.org.ar\/v3\/wp-content\/uploads\/2021\/06\/IMG-20210608-WA0013.jpg 720w, https:\/\/www.obispadorqta.org.ar\/v3\/wp-content\/uploads\/2021\/06\/IMG-20210608-WA0013-300x210.jpg 300w\" sizes=\"auto, (max-width: 720px) 100vw, 720px\" \/><\/p>\n<p style=\"text-align: justify;\"><em>\u201cDe esta crisis podemos salir mejor o peor. Podemos retroceder o crear algo nuevo. En este momento, lo que necesitamos es la oportunidad de cambiar, de hacer lugar para que pueda surgir eso nuevo que necesitamos. Es el momento para so\u00f1ar en grande, para repensar nuestras prioridades \u2013lo que valoramos, lo que queremos, lo que buscamos- y para comprometernos en lo peque\u00f1o y actuar en funci\u00f3n de lo que hemos so\u00f1ado\u2026 Dios nos pide que nos atrevamos a crear algo nuevo\u201d.<\/em>(Papa Francisco en su \u00faltimo libro \u201cSo\u00f1emos juntos\u201d)<\/p>\n","protected":false},"excerpt":{"rendered":"<div class=\"mh-excerpt\"><p>\u00abEn tiempos dif\u00edciles, compartamos m\u00e1s\u00bb Bajo este lema, este s\u00e1bado 12 y domingo 13 de junio, se llevar\u00e1 a cabo, en todo pa\u00eds, la Colecta <a class=\"mh-excerpt-more\" href=\"https:\/\/www.obispadorqta.org.ar\/v3\/colecta-anual-de-caritas-8\/\" title=\"COLECTA ANUAL DE CARITAS\">[&#8230;]<\/a><\/p>\n<\/div>","protected":false},"author":3,"featured_media":6571,"comment_status":"closed","ping_status":"open","sticky":false,"template":"","format":"standard","meta":{"footnotes":""},"categories":[6,28],"tags":[],"class_list":["post-6566","post","type-post","status-publish","format-standard","has-post-thumbnail","hentry","category-news","category-latest-news"],"_links":{"self":[{"href":"https:\/\/www.obispadorqta.org.ar\/v3\/wp-json\/wp\/v2\/posts\/6566","targetHints":{"allow":["GET"]}}],"collection":[{"href":"https:\/\/www.obispadorqta.org.ar\/v3\/wp-json\/wp\/v2\/posts"}],"about":[{"href":"https:\/\/www.obispadorqta.org.ar\/v3\/wp-json\/wp\/v2\/types\/post"}],"author":[{"embeddable":true,"href":"https:\/\/www.obispadorqta.org.ar\/v3\/wp-json\/wp\/v2\/users\/3"}],"replies":[{"embeddable":true,"href":"https:\/\/www.obispadorqta.org.ar\/v3\/wp-json\/wp\/v2\/comments?post=6566"}],"version-history":[{"count":4,"href":"https:\/\/www.obispadorqta.org.ar\/v3\/wp-json\/wp\/v2\/posts\/6566\/revisions"}],"predecessor-version":[{"id":6574,"href":"https:\/\/www.obispadorqta.org.ar\/v3\/wp-json\/wp\/v2\/posts\/6566\/revisions\/6574"}],"wp:featuredmedia":[{"embeddable":true,"href":"https:\/\/www.obispadorqta.org.ar\/v3\/wp-json\/wp\/v2\/media\/6571"}],"wp:attachment":[{"href":"https:\/\/www.obispadorqta.org.ar\/v3\/wp-json\/wp\/v2\/media?parent=6566"}],"wp:term":[{"taxonomy":"category","embeddable":true,"href":"https:\/\/www.obispadorqta.org.ar\/v3\/wp-json\/wp\/v2\/categories?post=6566"},{"taxonomy":"post_tag","embeddable":true,"href":"https:\/\/www.obispadorqta.org.ar\/v3\/wp-json\/wp\/v2\/tags?post=6566"}],"curies":[{"name":"wp","href":"https:\/\/api.w.org\/{rel}","templated":true}]}}