{"id":6575,"date":"2021-06-09T11:57:07","date_gmt":"2021-06-09T14:57:07","guid":{"rendered":"http:\/\/www.obispadorqta.org.ar\/v3\/?p=6575"},"modified":"2021-06-09T11:57:20","modified_gmt":"2021-06-09T14:57:20","slug":"linea-de-acompanamiento-espiritual","status":"publish","type":"post","link":"https:\/\/www.obispadorqta.org.ar\/v3\/linea-de-acompanamiento-espiritual\/","title":{"rendered":"L\u00ednea de acompa\u00f1amiento espiritual"},"content":{"rendered":"<p style=\"text-align: justify;\">Con alegr\u00eda, compartimos esta nueva iniciativa, la cual que nace desde la necesidad de brindar acompa\u00f1amiento espiritual, generar un lugar de escucha y de oraci\u00f3n en tiempos de pandemia.<\/p>\n<p><img loading=\"lazy\" decoding=\"async\" class=\"aligncenter size-full wp-image-6578\" src=\"https:\/\/www.obispadorqta.org.ar\/v3\/wp-content\/uploads\/2021\/06\/IMG-20210609-WA0001.jpg\" alt=\"\" width=\"904\" height=\"1280\" srcset=\"https:\/\/www.obispadorqta.org.ar\/v3\/wp-content\/uploads\/2021\/06\/IMG-20210609-WA0001.jpg 904w, https:\/\/www.obispadorqta.org.ar\/v3\/wp-content\/uploads\/2021\/06\/IMG-20210609-WA0001-212x300.jpg 212w, https:\/\/www.obispadorqta.org.ar\/v3\/wp-content\/uploads\/2021\/06\/IMG-20210609-WA0001-723x1024.jpg 723w, https:\/\/www.obispadorqta.org.ar\/v3\/wp-content\/uploads\/2021\/06\/IMG-20210609-WA0001-768x1087.jpg 768w\" sizes=\"auto, (max-width: 904px) 100vw, 904px\" \/><\/p>\n<p style=\"text-align: justify;\">La parroquia \u00abInmaculada Concepci\u00f3n\u00bb de Reconquista, pone a disposici\u00f3n de los fieles de la Di\u00f3cesis de Reconquista, una l\u00ednea telef\u00f3nica para quienes lo necesiten, asimismo, se pueden enviar mensajes de texto o whatsapp. El n\u00famero es:<\/p>\n<blockquote><p><strong>(0) 3482 (15) 306583<\/strong><\/p><\/blockquote>\n<p>Agradecemos a qui\u00e9nes hacen posible este nuevo servicio a la comunidad, y pedimos a Dios por los frutos de esta tarea.<\/p>\n","protected":false},"excerpt":{"rendered":"<div class=\"mh-excerpt\"><p>Con alegr\u00eda, compartimos esta nueva iniciativa, la cual que nace desde la necesidad de brindar acompa\u00f1amiento espiritual, generar un lugar de escucha y de oraci\u00f3n <a class=\"mh-excerpt-more\" href=\"https:\/\/www.obispadorqta.org.ar\/v3\/linea-de-acompanamiento-espiritual\/\" title=\"L\u00ednea de acompa\u00f1amiento espiritual\">[&#8230;]<\/a><\/p>\n<\/div>","protected":false},"author":2,"featured_media":6576,"comment_status":"closed","ping_status":"open","sticky":false,"template":"","format":"standard","meta":{"footnotes":""},"categories":[6,28],"tags":[],"class_list":["post-6575","post","type-post","status-publish","format-standard","has-post-thumbnail","hentry","category-news","category-latest-news"],"_links":{"self":[{"href":"https:\/\/www.obispadorqta.org.ar\/v3\/wp-json\/wp\/v2\/posts\/6575","targetHints":{"allow":["GET"]}}],"collection":[{"href":"https:\/\/www.obispadorqta.org.ar\/v3\/wp-json\/wp\/v2\/posts"}],"about":[{"href":"https:\/\/www.obispadorqta.org.ar\/v3\/wp-json\/wp\/v2\/types\/post"}],"author":[{"embeddable":true,"href":"https:\/\/www.obispadorqta.org.ar\/v3\/wp-json\/wp\/v2\/users\/2"}],"replies":[{"embeddable":true,"href":"https:\/\/www.obispadorqta.org.ar\/v3\/wp-json\/wp\/v2\/comments?post=6575"}],"version-history":[{"count":4,"href":"https:\/\/www.obispadorqta.org.ar\/v3\/wp-json\/wp\/v2\/posts\/6575\/revisions"}],"predecessor-version":[{"id":6581,"href":"https:\/\/www.obispadorqta.org.ar\/v3\/wp-json\/wp\/v2\/posts\/6575\/revisions\/6581"}],"wp:featuredmedia":[{"embeddable":true,"href":"https:\/\/www.obispadorqta.org.ar\/v3\/wp-json\/wp\/v2\/media\/6576"}],"wp:attachment":[{"href":"https:\/\/www.obispadorqta.org.ar\/v3\/wp-json\/wp\/v2\/media?parent=6575"}],"wp:term":[{"taxonomy":"category","embeddable":true,"href":"https:\/\/www.obispadorqta.org.ar\/v3\/wp-json\/wp\/v2\/categories?post=6575"},{"taxonomy":"post_tag","embeddable":true,"href":"https:\/\/www.obispadorqta.org.ar\/v3\/wp-json\/wp\/v2\/tags?post=6575"}],"curies":[{"name":"wp","href":"https:\/\/api.w.org\/{rel}","templated":true}]}}