{"id":6582,"date":"2021-06-10T09:05:53","date_gmt":"2021-06-10T12:05:53","guid":{"rendered":"http:\/\/www.obispadorqta.org.ar\/v3\/?p=6582"},"modified":"2021-06-10T09:06:02","modified_gmt":"2021-06-10T12:06:02","slug":"asesor-provincial-de-educacion-catolica","status":"publish","type":"post","link":"https:\/\/www.obispadorqta.org.ar\/v3\/asesor-provincial-de-educacion-catolica\/","title":{"rendered":"ASESOR PROVINCIAL DE EDUCACI\u00d3N CAT\u00d3LICA"},"content":{"rendered":"<p style=\"text-align: justify;\">Informamos que en el d\u00eda de ayer, 9 de junio de 2021, por propuesta del Mons. \u00c1ngel Jos\u00e9 Mac\u00edn, Obispo de Reconquista, y con la aprobaci\u00f3n un\u00e1nime de los dem\u00e1s obispos de la provincia, el Vicario Episcopal para la Educaci\u00f3n, Mons. Germ\u00e1n Ernesto Vallejos ha sido nombrado Asesor Eclesi\u00e1stico del CONPRODEC (Consejo Provincial de Educaci\u00f3n Cat\u00f3lica), por el per\u00edodo de tres a\u00f1os.<\/p>\n<p style=\"text-align: justify;\">El nombramiento del mismo se har\u00e1 efectivo en breve y su misi\u00f3n ser\u00e1 acompa\u00f1ar el proceso de reestructuraci\u00f3n y renovaci\u00f3n de dicho organismo, junto al nuevo presidente del organismo, el Ing. N\u00e9stor Walter Van Meegroot, de la Arquidi\u00f3cesis de Rosario.<\/p>\n<p style=\"text-align: justify;\">Agradecemos al P. Germ\u00e1n su disponibilidad para aportar su experiencia en el \u00e1mbito de la educaci\u00f3n cat\u00f3lica, y nos comprometemos a orar para que Dios le conceda sabidur\u00eda y fortaleza en esta misi\u00f3n encomendada.<\/p>\n","protected":false},"excerpt":{"rendered":"<div class=\"mh-excerpt\"><p>Informamos que en el d\u00eda de ayer, 9 de junio de 2021, por propuesta del Mons. \u00c1ngel Jos\u00e9 Mac\u00edn, Obispo de Reconquista, y con la <a class=\"mh-excerpt-more\" href=\"https:\/\/www.obispadorqta.org.ar\/v3\/asesor-provincial-de-educacion-catolica\/\" title=\"ASESOR PROVINCIAL DE EDUCACI\u00d3N CAT\u00d3LICA\">[&#8230;]<\/a><\/p>\n<\/div>","protected":false},"author":2,"featured_media":6585,"comment_status":"closed","ping_status":"open","sticky":false,"template":"","format":"standard","meta":{"footnotes":""},"categories":[6,28],"tags":[],"class_list":["post-6582","post","type-post","status-publish","format-standard","has-post-thumbnail","hentry","category-news","category-latest-news"],"_links":{"self":[{"href":"https:\/\/www.obispadorqta.org.ar\/v3\/wp-json\/wp\/v2\/posts\/6582","targetHints":{"allow":["GET"]}}],"collection":[{"href":"https:\/\/www.obispadorqta.org.ar\/v3\/wp-json\/wp\/v2\/posts"}],"about":[{"href":"https:\/\/www.obispadorqta.org.ar\/v3\/wp-json\/wp\/v2\/types\/post"}],"author":[{"embeddable":true,"href":"https:\/\/www.obispadorqta.org.ar\/v3\/wp-json\/wp\/v2\/users\/2"}],"replies":[{"embeddable":true,"href":"https:\/\/www.obispadorqta.org.ar\/v3\/wp-json\/wp\/v2\/comments?post=6582"}],"version-history":[{"count":1,"href":"https:\/\/www.obispadorqta.org.ar\/v3\/wp-json\/wp\/v2\/posts\/6582\/revisions"}],"predecessor-version":[{"id":6583,"href":"https:\/\/www.obispadorqta.org.ar\/v3\/wp-json\/wp\/v2\/posts\/6582\/revisions\/6583"}],"wp:featuredmedia":[{"embeddable":true,"href":"https:\/\/www.obispadorqta.org.ar\/v3\/wp-json\/wp\/v2\/media\/6585"}],"wp:attachment":[{"href":"https:\/\/www.obispadorqta.org.ar\/v3\/wp-json\/wp\/v2\/media?parent=6582"}],"wp:term":[{"taxonomy":"category","embeddable":true,"href":"https:\/\/www.obispadorqta.org.ar\/v3\/wp-json\/wp\/v2\/categories?post=6582"},{"taxonomy":"post_tag","embeddable":true,"href":"https:\/\/www.obispadorqta.org.ar\/v3\/wp-json\/wp\/v2\/tags?post=6582"}],"curies":[{"name":"wp","href":"https:\/\/api.w.org\/{rel}","templated":true}]}}