{"id":6586,"date":"2021-06-11T11:36:42","date_gmt":"2021-06-11T14:36:42","guid":{"rendered":"http:\/\/www.obispadorqta.org.ar\/v3\/?p=6586"},"modified":"2021-06-11T11:36:52","modified_gmt":"2021-06-11T14:36:52","slug":"ordenacion-sacerdotal-6","status":"publish","type":"post","link":"https:\/\/www.obispadorqta.org.ar\/v3\/ordenacion-sacerdotal-6\/","title":{"rendered":"ORDENACI\u00d3N SACERDOTAL"},"content":{"rendered":"<p style=\"text-align: justify;\">En la celebraci\u00f3n de la fiesta patronal de la Parroquia Sagrado Coraz\u00f3n de Jes\u00fas de La Gallareta, el Obispo Diocesano, Mons. \u00c1ngel Jos\u00e9 Mac\u00edn anunci\u00f3 una muy linda noticia para toda nuestra Di\u00f3cesis. Hacia el final de la Misa, dijo: \u201c<em>Despu\u00e9s de un camino de discernimiento y oraci\u00f3n, el Diac. Jorge Juli\u00e1n Gallard ha pedido la ordenaci\u00f3n sacerdotal. Hechas las consultas de oficio al Pueblo de Dios, y con el consentimiento de la Santa Sede, expresado en una carta de S.E.R. Beniamino, Card. Stella, Prefecto para la Congregaci\u00f3n del Clero, con fecha 20 de abril del corriente a\u00f1o, protocolo N. 20211523, he decidido ordenar sacerdote\u00a0 al\u00a0<strong>Diac. Jorge Juli\u00e1n Gallard<\/strong><\/em><strong>\u201d.<\/strong><\/p>\n<p><img loading=\"lazy\" decoding=\"async\" class=\"aligncenter size-full wp-image-6588\" src=\"https:\/\/www.obispadorqta.org.ar\/v3\/wp-content\/uploads\/2021\/06\/IMG-20210611-WA0005.jpg\" alt=\"\" width=\"520\" height=\"1040\" srcset=\"https:\/\/www.obispadorqta.org.ar\/v3\/wp-content\/uploads\/2021\/06\/IMG-20210611-WA0005.jpg 520w, https:\/\/www.obispadorqta.org.ar\/v3\/wp-content\/uploads\/2021\/06\/IMG-20210611-WA0005-150x300.jpg 150w, https:\/\/www.obispadorqta.org.ar\/v3\/wp-content\/uploads\/2021\/06\/IMG-20210611-WA0005-512x1024.jpg 512w\" sizes=\"auto, (max-width: 520px) 100vw, 520px\" \/><\/p>\n<p style=\"text-align: justify;\">Luego coment\u00f3 que \u201c<em>durante este tiempo Jorge se est\u00e1 preparando en algunas cosas vinculadas al ejercicio del ministerio sacerdotal. La ordenaci\u00f3n, sin lugar a dudas, tendr\u00e1 lugar en La Gallareta, donde actualmente el mencionado di\u00e1cono se desempe\u00f1a como Delegado Pastoral<\/em>.\u201d En cuanto a la fecha, se\u00f1al\u00f3 que ser\u00e1 fijada con la comunidad, de acuerdo a la situaci\u00f3n epidemiol\u00f3gica. \u201c<em>Posiblemente pueda ser celebrada en Setiembre<\/em>\u201d, a\u00f1adi\u00f3.<\/p>\n<p><img loading=\"lazy\" decoding=\"async\" class=\"aligncenter size-full wp-image-6589\" src=\"https:\/\/www.obispadorqta.org.ar\/v3\/wp-content\/uploads\/2021\/06\/IMG-20210611-WA0001.jpg\" alt=\"\" width=\"1040\" height=\"520\" srcset=\"https:\/\/www.obispadorqta.org.ar\/v3\/wp-content\/uploads\/2021\/06\/IMG-20210611-WA0001.jpg 1040w, https:\/\/www.obispadorqta.org.ar\/v3\/wp-content\/uploads\/2021\/06\/IMG-20210611-WA0001-300x150.jpg 300w, https:\/\/www.obispadorqta.org.ar\/v3\/wp-content\/uploads\/2021\/06\/IMG-20210611-WA0001-1024x512.jpg 1024w, https:\/\/www.obispadorqta.org.ar\/v3\/wp-content\/uploads\/2021\/06\/IMG-20210611-WA0001-768x384.jpg 768w\" sizes=\"auto, (max-width: 1040px) 100vw, 1040px\" \/><\/p>\n<p style=\"text-align: justify;\">Finalmente, el obispo invit\u00f3 a toda la comunidad a prepararse para tan grato acontecimiento y pidi\u00f3 que acompa\u00f1emos a Jorge con nuestra oraci\u00f3n para que sea un sacerdote alegre, misionero y generoso.<\/p>\n<p><img loading=\"lazy\" decoding=\"async\" class=\"aligncenter size-full wp-image-6592\" src=\"https:\/\/www.obispadorqta.org.ar\/v3\/wp-content\/uploads\/2021\/06\/IMG-20210611-WA0004-1.jpg\" alt=\"\" width=\"520\" height=\"613\" srcset=\"https:\/\/www.obispadorqta.org.ar\/v3\/wp-content\/uploads\/2021\/06\/IMG-20210611-WA0004-1.jpg 520w, https:\/\/www.obispadorqta.org.ar\/v3\/wp-content\/uploads\/2021\/06\/IMG-20210611-WA0004-1-254x300.jpg 254w\" sizes=\"auto, (max-width: 520px) 100vw, 520px\" \/><\/p>\n","protected":false},"excerpt":{"rendered":"<div class=\"mh-excerpt\"><p>En la celebraci\u00f3n de la fiesta patronal de la Parroquia Sagrado Coraz\u00f3n de Jes\u00fas de La Gallareta, el Obispo Diocesano, Mons. \u00c1ngel Jos\u00e9 Mac\u00edn anunci\u00f3 <a class=\"mh-excerpt-more\" href=\"https:\/\/www.obispadorqta.org.ar\/v3\/ordenacion-sacerdotal-6\/\" title=\"ORDENACI\u00d3N SACERDOTAL\">[&#8230;]<\/a><\/p>\n<\/div>","protected":false},"author":2,"featured_media":6593,"comment_status":"closed","ping_status":"open","sticky":false,"template":"","format":"standard","meta":{"footnotes":""},"categories":[6,28],"tags":[],"class_list":["post-6586","post","type-post","status-publish","format-standard","has-post-thumbnail","hentry","category-news","category-latest-news"],"_links":{"self":[{"href":"https:\/\/www.obispadorqta.org.ar\/v3\/wp-json\/wp\/v2\/posts\/6586","targetHints":{"allow":["GET"]}}],"collection":[{"href":"https:\/\/www.obispadorqta.org.ar\/v3\/wp-json\/wp\/v2\/posts"}],"about":[{"href":"https:\/\/www.obispadorqta.org.ar\/v3\/wp-json\/wp\/v2\/types\/post"}],"author":[{"embeddable":true,"href":"https:\/\/www.obispadorqta.org.ar\/v3\/wp-json\/wp\/v2\/users\/2"}],"replies":[{"embeddable":true,"href":"https:\/\/www.obispadorqta.org.ar\/v3\/wp-json\/wp\/v2\/comments?post=6586"}],"version-history":[{"count":2,"href":"https:\/\/www.obispadorqta.org.ar\/v3\/wp-json\/wp\/v2\/posts\/6586\/revisions"}],"predecessor-version":[{"id":6594,"href":"https:\/\/www.obispadorqta.org.ar\/v3\/wp-json\/wp\/v2\/posts\/6586\/revisions\/6594"}],"wp:featuredmedia":[{"embeddable":true,"href":"https:\/\/www.obispadorqta.org.ar\/v3\/wp-json\/wp\/v2\/media\/6593"}],"wp:attachment":[{"href":"https:\/\/www.obispadorqta.org.ar\/v3\/wp-json\/wp\/v2\/media?parent=6586"}],"wp:term":[{"taxonomy":"category","embeddable":true,"href":"https:\/\/www.obispadorqta.org.ar\/v3\/wp-json\/wp\/v2\/categories?post=6586"},{"taxonomy":"post_tag","embeddable":true,"href":"https:\/\/www.obispadorqta.org.ar\/v3\/wp-json\/wp\/v2\/tags?post=6586"}],"curies":[{"name":"wp","href":"https:\/\/api.w.org\/{rel}","templated":true}]}}