{"id":6608,"date":"2021-06-23T10:09:42","date_gmt":"2021-06-23T13:09:42","guid":{"rendered":"http:\/\/www.obispadorqta.org.ar\/v3\/?p=6608"},"modified":"2021-06-23T10:14:30","modified_gmt":"2021-06-23T13:14:30","slug":"xlii-peregrinacion-juvenil-a-itati","status":"publish","type":"post","link":"https:\/\/www.obispadorqta.org.ar\/v3\/xlii-peregrinacion-juvenil-a-itati\/","title":{"rendered":"XLII Peregrinaci\u00f3n Juvenil a Itat\u00ed"},"content":{"rendered":"<p style=\"text-align: justify;\">El Equipo Regional de Pastoral de Juventud NEA da a conocer la decisi\u00f3n tomada junto con el obispo asesor, Mons. Dr. \u00c1ngel Jos\u00e9 Mac\u00edn, respecto a la XLII Peregrinaci\u00f3n Juvenil a Itat\u00ed.<\/p>\n<p style=\"text-align: justify;\">Y junto con ella, compartimos el LEMA que nos acompa\u00f1ar\u00e1 en esta ocasi\u00f3n:<\/p>\n<p style=\"text-align: justify;\"><strong>\u00abJUNTO A JES\u00daS, JOS\u00c9 y MAR\u00cdA, PEREGRINAMOS CON ESPERANZA y VALENT\u00cdA\u00bb<\/strong><\/p>\n<p style=\"text-align: justify;\">Pedimos difundir esta carta para que llegue a cada peregrino.<\/p>\n<p style=\"text-align: justify;\">Nos encomendamos a los brazos de Mar\u00eda!<\/p>\n\n\n<figure class=\"wp-block-image size-large\"><img loading=\"lazy\" decoding=\"async\" width=\"724\" height=\"1024\" src=\"https:\/\/www.obispadorqta.org.ar\/v3\/wp-content\/uploads\/2021\/06\/204198538_314792946985553_7246869526358335664_n-724x1024.png\" alt=\"\" class=\"wp-image-6609\" srcset=\"https:\/\/www.obispadorqta.org.ar\/v3\/wp-content\/uploads\/2021\/06\/204198538_314792946985553_7246869526358335664_n-724x1024.png 724w, https:\/\/www.obispadorqta.org.ar\/v3\/wp-content\/uploads\/2021\/06\/204198538_314792946985553_7246869526358335664_n-212x300.png 212w, https:\/\/www.obispadorqta.org.ar\/v3\/wp-content\/uploads\/2021\/06\/204198538_314792946985553_7246869526358335664_n-768x1086.png 768w, https:\/\/www.obispadorqta.org.ar\/v3\/wp-content\/uploads\/2021\/06\/204198538_314792946985553_7246869526358335664_n-1086x1536.png 1086w, https:\/\/www.obispadorqta.org.ar\/v3\/wp-content\/uploads\/2021\/06\/204198538_314792946985553_7246869526358335664_n.png 1448w\" sizes=\"auto, (max-width: 724px) 100vw, 724px\" \/><\/figure>\n","protected":false},"excerpt":{"rendered":"<div class=\"mh-excerpt\"><p>El Equipo Regional de Pastoral de Juventud NEA da a conocer la decisi\u00f3n tomada junto con el obispo asesor, Mons. Dr. \u00c1ngel Jos\u00e9 Mac\u00edn, respecto <a class=\"mh-excerpt-more\" href=\"https:\/\/www.obispadorqta.org.ar\/v3\/xlii-peregrinacion-juvenil-a-itati\/\" title=\"XLII Peregrinaci\u00f3n Juvenil a Itat\u00ed\">[&#8230;]<\/a><\/p>\n<\/div>","protected":false},"author":3,"featured_media":6612,"comment_status":"closed","ping_status":"open","sticky":false,"template":"","format":"standard","meta":{"footnotes":""},"categories":[6,28],"tags":[],"class_list":["post-6608","post","type-post","status-publish","format-standard","has-post-thumbnail","hentry","category-news","category-latest-news"],"_links":{"self":[{"href":"https:\/\/www.obispadorqta.org.ar\/v3\/wp-json\/wp\/v2\/posts\/6608","targetHints":{"allow":["GET"]}}],"collection":[{"href":"https:\/\/www.obispadorqta.org.ar\/v3\/wp-json\/wp\/v2\/posts"}],"about":[{"href":"https:\/\/www.obispadorqta.org.ar\/v3\/wp-json\/wp\/v2\/types\/post"}],"author":[{"embeddable":true,"href":"https:\/\/www.obispadorqta.org.ar\/v3\/wp-json\/wp\/v2\/users\/3"}],"replies":[{"embeddable":true,"href":"https:\/\/www.obispadorqta.org.ar\/v3\/wp-json\/wp\/v2\/comments?post=6608"}],"version-history":[{"count":2,"href":"https:\/\/www.obispadorqta.org.ar\/v3\/wp-json\/wp\/v2\/posts\/6608\/revisions"}],"predecessor-version":[{"id":6613,"href":"https:\/\/www.obispadorqta.org.ar\/v3\/wp-json\/wp\/v2\/posts\/6608\/revisions\/6613"}],"wp:featuredmedia":[{"embeddable":true,"href":"https:\/\/www.obispadorqta.org.ar\/v3\/wp-json\/wp\/v2\/media\/6612"}],"wp:attachment":[{"href":"https:\/\/www.obispadorqta.org.ar\/v3\/wp-json\/wp\/v2\/media?parent=6608"}],"wp:term":[{"taxonomy":"category","embeddable":true,"href":"https:\/\/www.obispadorqta.org.ar\/v3\/wp-json\/wp\/v2\/categories?post=6608"},{"taxonomy":"post_tag","embeddable":true,"href":"https:\/\/www.obispadorqta.org.ar\/v3\/wp-json\/wp\/v2\/tags?post=6608"}],"curies":[{"name":"wp","href":"https:\/\/api.w.org\/{rel}","templated":true}]}}