{"id":6619,"date":"2021-06-24T11:15:55","date_gmt":"2021-06-24T14:15:55","guid":{"rendered":"http:\/\/www.obispadorqta.org.ar\/v3\/?p=6619"},"modified":"2021-06-24T11:22:28","modified_gmt":"2021-06-24T14:22:28","slug":"caminata-de-maria-2021-2022","status":"publish","type":"post","link":"https:\/\/www.obispadorqta.org.ar\/v3\/caminata-de-maria-2021-2022\/","title":{"rendered":"Caminata de Mar\u00eda 2021- 2022"},"content":{"rendered":"<p style=\"text-align: center;\"><span style=\"color: #000000;\"><strong>\u00a1Iniciamos una nueva Caminata!<\/strong><\/span><\/p>\n<p style=\"text-align: justify;\"><span style=\"color: #000000;\">La imagen de Mar\u00eda bajo la advocaci\u00f3n de Nuestra Se\u00f1ora de Luj\u00e1n, Patrona de C\u00e1ritas Argentina junto a la imagen de San Jos\u00e9 est\u00e1n peregrinando con diferentes modalidades (virtual, presencial o mixta) por todas las Di\u00f3cesis del pa\u00eds.<\/span><\/p>\n<p style=\"text-align: justify;\"><span style=\"color: #000000;\">Como una expresi\u00f3n de fe popular, el paso de Mar\u00eda y Jos\u00e9 se suman a la Caminata. Un tiempo especial para celebrar, reflexionar, renovar y descubrir los nuevos desaf\u00edos de la realidad, resignificando lo que somos y lo que hacemos en estos tiempos de pandemia.<\/span><\/p>\n<p style=\"text-align: justify;\"><span style=\"color: #000000;\">Decimos alegres y esperanzados que queremos seguir cercanos a las realidades que est\u00e1n amenazadas. El Lema que nos anima, lo queremos multiplicar en cada acci\u00f3n que realizamos: <strong><em>\u201cPorque somos C\u00e1ritas&#8230; presencia que Cuida, V\u00ednculos que hermanan y Audacia que transforma\u201d.<\/em><\/strong><\/span><\/p>\n<p style=\"text-align: justify;\"><em><span style=\"color: #000000;\">\u201c\u2026es audaz, saber mirar m\u00e1s all\u00e1 de la comodidad personal, de las peque\u00f1as seguridades y compensaciones que estrechan el horizonte, para abrirse a grandes ideales que hacen la vida m\u00e1s bella y digna\u201d(FT 55).<\/span><\/em><\/p>\n<p>\u00a0<\/p>\n<p style=\"text-align: left;\"><strong><span style=\"color: #333333;\">Recorrido de la Virgen \u201cNuestra Se\u00f1ora de Lujan\u201d por las parroquias de nuestra Di\u00f3cesis de Reconquista.<\/span><\/strong><\/p>\n<p><img loading=\"lazy\" decoding=\"async\" class=\"size-full wp-image-6623 alignleft\" src=\"https:\/\/www.obispadorqta.org.ar\/v3\/wp-content\/uploads\/2021\/06\/Publicaci\u00f3n1-4.jpg\" alt=\"\" width=\"1147\" height=\"815\" srcset=\"https:\/\/www.obispadorqta.org.ar\/v3\/wp-content\/uploads\/2021\/06\/Publicaci\u00f3n1-4.jpg 1147w, https:\/\/www.obispadorqta.org.ar\/v3\/wp-content\/uploads\/2021\/06\/Publicaci\u00f3n1-4-300x213.jpg 300w, https:\/\/www.obispadorqta.org.ar\/v3\/wp-content\/uploads\/2021\/06\/Publicaci\u00f3n1-4-1024x728.jpg 1024w, https:\/\/www.obispadorqta.org.ar\/v3\/wp-content\/uploads\/2021\/06\/Publicaci\u00f3n1-4-768x546.jpg 768w\" sizes=\"auto, (max-width: 1147px) 100vw, 1147px\" \/><span style=\"font-size: inherit;\">Compartimos la oraci\u00f3n que est\u00e9 a\u00f1o acompa\u00f1ar\u00e1 el Peregrinar de Mar\u00eda y Jos\u00e9 por el territorio Argentino. Recemos unidos, acompa\u00f1ando cada instancia del recorrido regional.<\/span><\/p>\n<p><img loading=\"lazy\" decoding=\"async\" class=\"aligncenter size-full wp-image-6622\" src=\"https:\/\/www.obispadorqta.org.ar\/v3\/wp-content\/uploads\/2021\/06\/194475527_2585164618453035_3411174496473209737_n-1.jpg\" alt=\"\" width=\"1490\" height=\"947\" srcset=\"https:\/\/www.obispadorqta.org.ar\/v3\/wp-content\/uploads\/2021\/06\/194475527_2585164618453035_3411174496473209737_n-1.jpg 1490w, https:\/\/www.obispadorqta.org.ar\/v3\/wp-content\/uploads\/2021\/06\/194475527_2585164618453035_3411174496473209737_n-1-300x191.jpg 300w, https:\/\/www.obispadorqta.org.ar\/v3\/wp-content\/uploads\/2021\/06\/194475527_2585164618453035_3411174496473209737_n-1-1024x651.jpg 1024w, https:\/\/www.obispadorqta.org.ar\/v3\/wp-content\/uploads\/2021\/06\/194475527_2585164618453035_3411174496473209737_n-1-768x488.jpg 768w\" sizes=\"auto, (max-width: 1490px) 100vw, 1490px\" \/><\/p>\n","protected":false},"excerpt":{"rendered":"<div class=\"mh-excerpt\"><p>\u00a1Iniciamos una nueva Caminata! La imagen de Mar\u00eda bajo la advocaci\u00f3n de Nuestra Se\u00f1ora de Luj\u00e1n, Patrona de C\u00e1ritas Argentina junto a la imagen de <a class=\"mh-excerpt-more\" href=\"https:\/\/www.obispadorqta.org.ar\/v3\/caminata-de-maria-2021-2022\/\" title=\"Caminata de Mar\u00eda 2021- 2022\">[&#8230;]<\/a><\/p>\n<\/div>","protected":false},"author":3,"featured_media":6624,"comment_status":"closed","ping_status":"open","sticky":false,"template":"","format":"standard","meta":{"footnotes":""},"categories":[6,28],"tags":[],"class_list":["post-6619","post","type-post","status-publish","format-standard","has-post-thumbnail","hentry","category-news","category-latest-news"],"_links":{"self":[{"href":"https:\/\/www.obispadorqta.org.ar\/v3\/wp-json\/wp\/v2\/posts\/6619","targetHints":{"allow":["GET"]}}],"collection":[{"href":"https:\/\/www.obispadorqta.org.ar\/v3\/wp-json\/wp\/v2\/posts"}],"about":[{"href":"https:\/\/www.obispadorqta.org.ar\/v3\/wp-json\/wp\/v2\/types\/post"}],"author":[{"embeddable":true,"href":"https:\/\/www.obispadorqta.org.ar\/v3\/wp-json\/wp\/v2\/users\/3"}],"replies":[{"embeddable":true,"href":"https:\/\/www.obispadorqta.org.ar\/v3\/wp-json\/wp\/v2\/comments?post=6619"}],"version-history":[{"count":3,"href":"https:\/\/www.obispadorqta.org.ar\/v3\/wp-json\/wp\/v2\/posts\/6619\/revisions"}],"predecessor-version":[{"id":6628,"href":"https:\/\/www.obispadorqta.org.ar\/v3\/wp-json\/wp\/v2\/posts\/6619\/revisions\/6628"}],"wp:featuredmedia":[{"embeddable":true,"href":"https:\/\/www.obispadorqta.org.ar\/v3\/wp-json\/wp\/v2\/media\/6624"}],"wp:attachment":[{"href":"https:\/\/www.obispadorqta.org.ar\/v3\/wp-json\/wp\/v2\/media?parent=6619"}],"wp:term":[{"taxonomy":"category","embeddable":true,"href":"https:\/\/www.obispadorqta.org.ar\/v3\/wp-json\/wp\/v2\/categories?post=6619"},{"taxonomy":"post_tag","embeddable":true,"href":"https:\/\/www.obispadorqta.org.ar\/v3\/wp-json\/wp\/v2\/tags?post=6619"}],"curies":[{"name":"wp","href":"https:\/\/api.w.org\/{rel}","templated":true}]}}