{"id":6629,"date":"2021-06-25T10:10:45","date_gmt":"2021-06-25T13:10:45","guid":{"rendered":"http:\/\/www.obispadorqta.org.ar\/v3\/?p=6629"},"modified":"2021-06-25T13:38:55","modified_gmt":"2021-06-25T16:38:55","slug":"dia-internacional-de-la-lucha-contra-el-uso-indebido-y-trafico-ilicito-de-drogas","status":"publish","type":"post","link":"https:\/\/www.obispadorqta.org.ar\/v3\/dia-internacional-de-la-lucha-contra-el-uso-indebido-y-trafico-ilicito-de-drogas\/","title":{"rendered":"D\u00cdA INTERNACIONAL DE LA LUCHA CONTRA EL USO INDEBIDO Y TR\u00c1FICO IL\u00cdCITO DE DROGAS"},"content":{"rendered":"<p style=\"text-align: justify;\"><span style=\"color: #000000;\">En el D\u00eda Internacional de la Lucha contra el Uso Indebido y el Tr\u00e1fico Il\u00edcito de Drogas, que se celebra hoy, viernes 25 de junio, el Equipo de Pastoral de Adicciones, comparte un mensaje a la comunidad diocesana.<\/span><\/p>\n<p style=\"text-align: center;\"><span style=\"color: #000000;\"><strong>\u201cCAMINANDO CON JES\u00daS EN \u00c9POCA DE PANDEMIA\u201d <\/strong><\/span><\/p>\n<p style=\"text-align: justify;\"><span style=\"color: #000000;\">Desde nuestra PASTORAL, en ocasi\u00f3n de los duros tiempos que nos tocan transitar a ra\u00edz de la pandemia de COVID-19 y ante la proximidad del <strong><u>\u201cD\u00eda Internacional de la Lucha contra el Uso Indebido y Tr\u00e1fico Il\u00edcito de Drogas\u201d,<\/u> <\/strong>que se que se conmemora cada 26 de junio, queremos remarcar la necesidad de permitir que nuestro SE\u00d1OR JESUCRISTO nos acompa\u00f1e en el camino diario de nuestras vidas.-<\/span><\/p>\n<p style=\"text-align: justify;\"><span style=\"color: #000000;\"><strong>Quienes integramos la PASTORAL DIOCESANA CONTRA LAS ADICCIONES, habiendo sufrido en carne propia o en nuestro n\u00facleo m\u00e1s intimo el flagelo de las mismas, rogamos a todos tomar conciencia, ante el alarmante crecimiento del consumo de alcohol y drogas en nuestra comunidad, del da\u00f1o que causan las mismas, no solo a quien las consume, sino a todos quienes conforman el n\u00facleo familiar\/afectivo de esa persona.-<\/strong><\/span><\/p>\n<p style=\"text-align: justify;\"><span style=\"color: #000000;\">Por ello, instamos a todos, especialmente a quienes cumplen funciones p\u00fablicas, a&nbsp; tomar las medidas pertinentes a los fines de disminuir este flagelo que nos destruye individual y colectivamente, as\u00ed como proveer de herramientas para la rehabilitaci\u00f3n de las personas afectadas y brindar contenci\u00f3n a su n\u00facleo familiar\/afectivo.-<\/span><\/p>\n<p style=\"text-align: justify;\"><span style=\"color: #000000;\">Por \u00faltimo, queremos remarcar que la verdadera libertad no es hacer lo que uno quiere, sino que consiste en vivir&nbsp; diariamente sin nada que nos ate o esclavice, siendo el pilar fundamental para lograrlo NUESTRO SE\u00d1OR JESUCRISTO, quien es EL CAMINO, LA VERDAD Y LA VIDA .-<\/span><\/p>\n<p style=\"text-align: right;\"><strong><span style=\"color: #000000;\">PASTORAL DE ADICCIONES<\/span><\/strong><br><strong><span style=\"color: #000000;\">Di\u00f3cesis de Reconquista<\/span><\/strong><\/p>\n\n\n<blockquote class=\"wp-block-quote is-layout-flow wp-block-quote-is-layout-flow\"><p><strong> Por tal motivo, ma\u00f1ana s\u00e1bado 26 de junio, se llevar\u00e1 a cabo una Misa en la Parroquia Mar\u00eda Madre de Dios a las 18 hs. <\/strong><\/p><\/blockquote>\n\n\n\n<figure class=\"wp-block-video\"><video height=\"158\" style=\"aspect-ratio: 210 \/ 158;\" width=\"210\" controls src=\"https:\/\/www.obispadorqta.org.ar\/v3\/wp-content\/uploads\/2021\/06\/10000000_2894750394144042_4285088099278307062_n-1.mp4\"><\/video><\/figure>\n","protected":false},"excerpt":{"rendered":"<div class=\"mh-excerpt\"><p>En el D\u00eda Internacional de la Lucha contra el Uso Indebido y el Tr\u00e1fico Il\u00edcito de Drogas, que se celebra hoy, viernes 25 de junio, <a class=\"mh-excerpt-more\" href=\"https:\/\/www.obispadorqta.org.ar\/v3\/dia-internacional-de-la-lucha-contra-el-uso-indebido-y-trafico-ilicito-de-drogas\/\" title=\"D\u00cdA INTERNACIONAL DE LA LUCHA CONTRA EL USO INDEBIDO Y TR\u00c1FICO IL\u00cdCITO DE DROGAS\">[&#8230;]<\/a><\/p>\n<\/div>","protected":false},"author":3,"featured_media":6630,"comment_status":"open","ping_status":"open","sticky":false,"template":"","format":"standard","meta":{"footnotes":""},"categories":[6,28],"tags":[],"class_list":["post-6629","post","type-post","status-publish","format-standard","has-post-thumbnail","hentry","category-news","category-latest-news"],"_links":{"self":[{"href":"https:\/\/www.obispadorqta.org.ar\/v3\/wp-json\/wp\/v2\/posts\/6629","targetHints":{"allow":["GET"]}}],"collection":[{"href":"https:\/\/www.obispadorqta.org.ar\/v3\/wp-json\/wp\/v2\/posts"}],"about":[{"href":"https:\/\/www.obispadorqta.org.ar\/v3\/wp-json\/wp\/v2\/types\/post"}],"author":[{"embeddable":true,"href":"https:\/\/www.obispadorqta.org.ar\/v3\/wp-json\/wp\/v2\/users\/3"}],"replies":[{"embeddable":true,"href":"https:\/\/www.obispadorqta.org.ar\/v3\/wp-json\/wp\/v2\/comments?post=6629"}],"version-history":[{"count":7,"href":"https:\/\/www.obispadorqta.org.ar\/v3\/wp-json\/wp\/v2\/posts\/6629\/revisions"}],"predecessor-version":[{"id":6637,"href":"https:\/\/www.obispadorqta.org.ar\/v3\/wp-json\/wp\/v2\/posts\/6629\/revisions\/6637"}],"wp:featuredmedia":[{"embeddable":true,"href":"https:\/\/www.obispadorqta.org.ar\/v3\/wp-json\/wp\/v2\/media\/6630"}],"wp:attachment":[{"href":"https:\/\/www.obispadorqta.org.ar\/v3\/wp-json\/wp\/v2\/media?parent=6629"}],"wp:term":[{"taxonomy":"category","embeddable":true,"href":"https:\/\/www.obispadorqta.org.ar\/v3\/wp-json\/wp\/v2\/categories?post=6629"},{"taxonomy":"post_tag","embeddable":true,"href":"https:\/\/www.obispadorqta.org.ar\/v3\/wp-json\/wp\/v2\/tags?post=6629"}],"curies":[{"name":"wp","href":"https:\/\/api.w.org\/{rel}","templated":true}]}}