{"id":6639,"date":"2021-06-28T10:21:39","date_gmt":"2021-06-28T13:21:39","guid":{"rendered":"http:\/\/www.obispadorqta.org.ar\/v3\/?p=6639"},"modified":"2023-08-22T11:52:26","modified_gmt":"2023-08-22T14:52:26","slug":"tierra-paz-social-y-dialogo","status":"publish","type":"post","link":"https:\/\/www.obispadorqta.org.ar\/v3\/tierra-paz-social-y-dialogo\/","title":{"rendered":"TIERRA, PAZ SOCIAL Y DI\u00c1LOGO"},"content":{"rendered":"<p style=\"text-align: justify;\"><span style=\"color: #000000;\">En el contexto de la pandemia y en parte vinculado a las consecuencias de la misma, hace pocos d\u00edas estall\u00f3 otro conflicto social que era de esperar en nuestra ciudad: el justo reclamo por el derecho a un terreno y una vivienda.<\/span><\/p>\n<p style=\"text-align: justify;\"><span style=\"color: #000000;\">Sin entrar en extensas fundamentaciones te\u00f3ricas, necesarias en otras instancias, entendemos que este es un derecho que toda familia tiene y que se viene postergando desde hace d\u00e9cadas en la ciudad y en otros lugares.<\/span><\/p>\n<p style=\"text-align: justify;\"><span style=\"color: #000000;\">Lamentamos que en estos a\u00f1os se haya dedicado m\u00e1s atenci\u00f3n a otros intereses, o a confrontaciones pol\u00edticas, y se haya descuidado al extremo este potencial foco de tensi\u00f3n social. Lamentamos asimismo que muchas veces la palabra empe\u00f1ada o prometida, por dirigentes de diversos estamentos, haya ca\u00eddo en descreimiento al no verse traducida en <\/span><br \/><span style=\"color: #000000;\">oportunas acciones concretas.<\/span><\/p>\n<p style=\"text-align: justify;\"><span style=\"color: #000000;\">Aunque no sea responsabilidad directa, lo que sucede tambi\u00e9n nos interpela a todos, ya que como ciudadanos tenemos que velar por el bien de nuestros hermanos, que habitan un mismo territorio. Los cristianos sabemos que lo que hicimos o dejamos de hacer con nuestros hermanos y hermanas m\u00e1s necesitados, repercute directamente en nuestra vida y en el <\/span><span style=\"color: #000000;\">v\u00ednculo con Cristo (cf. Mt 25,31-46).<\/span><\/p>\n<p style=\"text-align: justify;\"><span style=\"color: #000000;\">No justificamos las tomas de terrenos. Adherimos plenamente al orden jur\u00eddico-institucional que nos rige. Pero tambi\u00e9n acompa\u00f1amos a las familias que son forzadas a adoptar estas acciones, por pobreza y cansancio.<\/span><\/p>\n<p style=\"text-align: justify;\"><span style=\"color: #000000;\">Por eso, hacemos un ferviente llamado a la paz social y al di\u00e1logo, condiciones indispensables para que todos puedan alcanzar la meta de un lugar para vivir con dignidad. Nos ponemos a disposici\u00f3n para ayudar a la resoluci\u00f3n de las situaciones dadas, ofreciendo un espacio que nos permita la escucha, el dialogo y el compromiso en pos de soluciones posibles y realizables o participando como garantes de alguna instancia convocada por otros, como as\u00ed tambi\u00e9n a colaborar en el mediano plazo para prevenir este tipo de episodios que nos lastiman a todos.<\/span><\/p>\n<p>\u00a0<\/p>\n<p style=\"text-align: right;\"><span style=\"color: #000000;\">Sede Episcopal de Reconquista, 28 de junio de 2021.<\/span><\/p>\n<p>\u00a0<\/p>\n<p><span style=\"color: #000000;\"><strong>\u00a0 \u00a0P. Juan Jos\u00e9 Delarossa\u00a0 \u00a0<\/strong>\u00a0 \u00a0 \u00a0 \u00a0 \u00a0 \u00a0 \u00a0 \u00a0 \u00a0 \u00a0 \u00a0 \u00a0 \u00a0 \u00a0 \u00a0 \u00a0 \u00a0 \u00a0 \u00a0 \u00a0 \u00a0 <strong>P. Jorge Luis Duarte Paz<\/strong><\/span><br \/><span style=\"color: #000000;\">Pquia. Mar\u00eda Madre de Dios\u00a0 \u00a0 \u00a0 \u00a0 \u00a0 \u00a0 \u00a0 \u00a0 \u00a0 \u00a0 \u00a0 \u00a0 \u00a0 \u00a0 \u00a0 \u00a0 \u00a0 \u00a0 \u00a0Pquia. Inmac. Concepci\u00f3n<\/span><br \/><span style=\"color: #000000;\">\u00a0 \u00a0 \u00a0 \u00a0 \u00a0 \u00a0 \u00a0 \u00a0 \u00a0 \u00a0 \u00a0 \u00a0 \u00a0 \u00a0 \u00a0 \u00a0 \u00a0 \u00a0 \u00a0 \u00a0 <\/span><\/p>\n<p><span style=\"color: #000000;\">\u00a0 \u00a0 \u00a0 \u00a0 \u00a0 \u00a0 \u00a0 \u00a0 \u00a0 \u00a0 \u00a0 \u00a0 \u00a0 \u00a0 \u00a0 \u00a0 \u00a0 \u00a0 \u00a0 \u00a0 \u00a0 \u00a0 \u00a0 \u00a0 \u00a0 \u00a0<strong>+ Mons. \u00c1ngel Jos\u00e9 Mac\u00edn<\/strong><\/span><br \/><span style=\"color: #000000;\">\u00a0 \u00a0 \u00a0 \u00a0 \u00a0 \u00a0 \u00a0 \u00a0 \u00a0 \u00a0 \u00a0 \u00a0 \u00a0 \u00a0 \u00a0 \u00a0 \u00a0 \u00a0 \u00a0 \u00a0 \u00a0 \u00a0 \u00a0 \u00a0 \u00a0 \u00a0 \u00a0 \u00a0 Obispo de Reconquista<\/span><\/p>\n\n\n<p><\/p>\n","protected":false},"excerpt":{"rendered":"<div class=\"mh-excerpt\"><p>En el contexto de la pandemia y en parte vinculado a las consecuencias de la misma, hace pocos d\u00edas estall\u00f3 otro conflicto social que era <a class=\"mh-excerpt-more\" href=\"https:\/\/www.obispadorqta.org.ar\/v3\/tierra-paz-social-y-dialogo\/\" title=\"TIERRA, PAZ SOCIAL Y DI\u00c1LOGO\">[&#8230;]<\/a><\/p>\n<\/div>","protected":false},"author":3,"featured_media":5096,"comment_status":"closed","ping_status":"open","sticky":false,"template":"","format":"standard","meta":{"footnotes":""},"categories":[6,28],"tags":[],"class_list":["post-6639","post","type-post","status-publish","format-standard","has-post-thumbnail","hentry","category-news","category-latest-news"],"_links":{"self":[{"href":"https:\/\/www.obispadorqta.org.ar\/v3\/wp-json\/wp\/v2\/posts\/6639","targetHints":{"allow":["GET"]}}],"collection":[{"href":"https:\/\/www.obispadorqta.org.ar\/v3\/wp-json\/wp\/v2\/posts"}],"about":[{"href":"https:\/\/www.obispadorqta.org.ar\/v3\/wp-json\/wp\/v2\/types\/post"}],"author":[{"embeddable":true,"href":"https:\/\/www.obispadorqta.org.ar\/v3\/wp-json\/wp\/v2\/users\/3"}],"replies":[{"embeddable":true,"href":"https:\/\/www.obispadorqta.org.ar\/v3\/wp-json\/wp\/v2\/comments?post=6639"}],"version-history":[{"count":4,"href":"https:\/\/www.obispadorqta.org.ar\/v3\/wp-json\/wp\/v2\/posts\/6639\/revisions"}],"predecessor-version":[{"id":6643,"href":"https:\/\/www.obispadorqta.org.ar\/v3\/wp-json\/wp\/v2\/posts\/6639\/revisions\/6643"}],"wp:featuredmedia":[{"embeddable":true,"href":"https:\/\/www.obispadorqta.org.ar\/v3\/wp-json\/wp\/v2\/media\/5096"}],"wp:attachment":[{"href":"https:\/\/www.obispadorqta.org.ar\/v3\/wp-json\/wp\/v2\/media?parent=6639"}],"wp:term":[{"taxonomy":"category","embeddable":true,"href":"https:\/\/www.obispadorqta.org.ar\/v3\/wp-json\/wp\/v2\/categories?post=6639"},{"taxonomy":"post_tag","embeddable":true,"href":"https:\/\/www.obispadorqta.org.ar\/v3\/wp-json\/wp\/v2\/tags?post=6639"}],"curies":[{"name":"wp","href":"https:\/\/api.w.org\/{rel}","templated":true}]}}