{"id":6655,"date":"2021-06-30T09:19:28","date_gmt":"2021-06-30T12:19:28","guid":{"rendered":"http:\/\/www.obispadorqta.org.ar\/v3\/?p=6655"},"modified":"2021-06-30T09:22:30","modified_gmt":"2021-06-30T12:22:30","slug":"admisiones","status":"publish","type":"post","link":"https:\/\/www.obispadorqta.org.ar\/v3\/admisiones\/","title":{"rendered":"ADMISIONES"},"content":{"rendered":"<p style=\"text-align: justify;\"><span style=\"color: #000000;\">El pr\u00f3ximo domingo 4 de julio, a las 17,30 hs., el obispo diocesano, Mons. \u00c1ngel Jos\u00e9 Mac\u00edn, presidir\u00e1 la celebraci\u00f3n eucar\u00edstica en el Seminario Interdiocesano \u00abLa Encarnaci\u00f3n\u00bb de Resistencia. En la misma ser\u00e1n admitidos a las sagradas ordenes, tres seminaristas de nuestra di\u00f3cesis: Federico Muchiut (Pquia. Mar\u00eda Madre, Reconquista), Gast\u00f3n S\u00e1ncho (Pquia. San Juan Bautista, Vera) y N\u00e9stor Mart\u00ednez (Pquia. Inmaculada Concepci\u00f3n, Reconquista).<\/span><\/p>\n<p style=\"text-align: justify;\"><span style=\"color: #000000;\">La admisi\u00f3n es el primero y m\u00e1s importante paso de un seminarista hacia la ordenaci\u00f3n sacerdotal. La Iglesia reconoce en el admitido que tiene condiciones para el ministerio.<\/span><\/p>\n<p style=\"text-align: justify;\"><span style=\"color: #000000;\">Los admitidos tendr\u00e1n que recorrer el tiempo que les queda de formaci\u00f3n inicial (dos a\u00f1os y medio), tratando de configurarse a Jes\u00fas, Buen Pastor, para que llegado el momento, puedan ser considerados id\u00f3neos para el ministerio sacerdotal.<\/span><\/p>\n<p style=\"text-align: justify;\"><span style=\"color: #000000;\">Nos alegramos por este paso de nuestros hermanos y oramos por ellos en estos d\u00edas.<\/span><\/p>\n<p><img loading=\"lazy\" decoding=\"async\" class=\"aligncenter  wp-image-6657\" src=\"https:\/\/www.obispadorqta.org.ar\/v3\/wp-content\/uploads\/2021\/06\/Muchiut.jpg\" alt=\"\" width=\"437\" height=\"403\" srcset=\"https:\/\/www.obispadorqta.org.ar\/v3\/wp-content\/uploads\/2021\/06\/Muchiut.jpg 502w, https:\/\/www.obispadorqta.org.ar\/v3\/wp-content\/uploads\/2021\/06\/Muchiut-300x277.jpg 300w\" sizes=\"auto, (max-width: 437px) 100vw, 437px\" \/><img loading=\"lazy\" decoding=\"async\" class=\"aligncenter  wp-image-6658\" src=\"https:\/\/www.obispadorqta.org.ar\/v3\/wp-content\/uploads\/2021\/06\/Parroquia-Vera.jpg\" alt=\"\" width=\"407\" height=\"392\" srcset=\"https:\/\/www.obispadorqta.org.ar\/v3\/wp-content\/uploads\/2021\/06\/Parroquia-Vera.jpg 489w, https:\/\/www.obispadorqta.org.ar\/v3\/wp-content\/uploads\/2021\/06\/Parroquia-Vera-300x289.jpg 300w\" sizes=\"auto, (max-width: 407px) 100vw, 407px\" \/><img loading=\"lazy\" decoding=\"async\" class=\"aligncenter  wp-image-6659\" src=\"https:\/\/www.obispadorqta.org.ar\/v3\/wp-content\/uploads\/2021\/06\/Martinez.jpg\" alt=\"\" width=\"402\" height=\"359\" srcset=\"https:\/\/www.obispadorqta.org.ar\/v3\/wp-content\/uploads\/2021\/06\/Martinez.jpg 486w, https:\/\/www.obispadorqta.org.ar\/v3\/wp-content\/uploads\/2021\/06\/Martinez-300x268.jpg 300w\" sizes=\"auto, (max-width: 402px) 100vw, 402px\" \/><\/p>\n","protected":false},"excerpt":{"rendered":"<div class=\"mh-excerpt\"><p>El pr\u00f3ximo domingo 4 de julio, a las 17,30 hs., el obispo diocesano, Mons. \u00c1ngel Jos\u00e9 Mac\u00edn, presidir\u00e1 la celebraci\u00f3n eucar\u00edstica en el Seminario Interdiocesano <a class=\"mh-excerpt-more\" href=\"https:\/\/www.obispadorqta.org.ar\/v3\/admisiones\/\" title=\"ADMISIONES\">[&#8230;]<\/a><\/p>\n<\/div>","protected":false},"author":3,"featured_media":17,"comment_status":"closed","ping_status":"open","sticky":false,"template":"","format":"standard","meta":{"footnotes":""},"categories":[6,28],"tags":[],"class_list":["post-6655","post","type-post","status-publish","format-standard","has-post-thumbnail","hentry","category-news","category-latest-news"],"_links":{"self":[{"href":"https:\/\/www.obispadorqta.org.ar\/v3\/wp-json\/wp\/v2\/posts\/6655","targetHints":{"allow":["GET"]}}],"collection":[{"href":"https:\/\/www.obispadorqta.org.ar\/v3\/wp-json\/wp\/v2\/posts"}],"about":[{"href":"https:\/\/www.obispadorqta.org.ar\/v3\/wp-json\/wp\/v2\/types\/post"}],"author":[{"embeddable":true,"href":"https:\/\/www.obispadorqta.org.ar\/v3\/wp-json\/wp\/v2\/users\/3"}],"replies":[{"embeddable":true,"href":"https:\/\/www.obispadorqta.org.ar\/v3\/wp-json\/wp\/v2\/comments?post=6655"}],"version-history":[{"count":2,"href":"https:\/\/www.obispadorqta.org.ar\/v3\/wp-json\/wp\/v2\/posts\/6655\/revisions"}],"predecessor-version":[{"id":6661,"href":"https:\/\/www.obispadorqta.org.ar\/v3\/wp-json\/wp\/v2\/posts\/6655\/revisions\/6661"}],"wp:featuredmedia":[{"embeddable":true,"href":"https:\/\/www.obispadorqta.org.ar\/v3\/wp-json\/wp\/v2\/media\/17"}],"wp:attachment":[{"href":"https:\/\/www.obispadorqta.org.ar\/v3\/wp-json\/wp\/v2\/media?parent=6655"}],"wp:term":[{"taxonomy":"category","embeddable":true,"href":"https:\/\/www.obispadorqta.org.ar\/v3\/wp-json\/wp\/v2\/categories?post=6655"},{"taxonomy":"post_tag","embeddable":true,"href":"https:\/\/www.obispadorqta.org.ar\/v3\/wp-json\/wp\/v2\/tags?post=6655"}],"curies":[{"name":"wp","href":"https:\/\/api.w.org\/{rel}","templated":true}]}}