{"id":6673,"date":"2021-07-02T08:03:00","date_gmt":"2021-07-02T11:03:00","guid":{"rendered":"http:\/\/www.obispadorqta.org.ar\/v3\/?p=6673"},"modified":"2021-07-02T08:48:07","modified_gmt":"2021-07-02T11:48:07","slug":"comunicado-de-prensa-4","status":"publish","type":"post","link":"https:\/\/www.obispadorqta.org.ar\/v3\/comunicado-de-prensa-4\/","title":{"rendered":"Comunicado de Prensa"},"content":{"rendered":"<p style=\"text-align: right;\">Reconquista, 1 de julio de 2021.<\/p>\n<p style=\"text-align: right;\">A los cristianos de la Di\u00f3cesis de Reconquista, y a la Comunidad en General:<\/p>\n<p style=\"text-align: justify;\">Mediante una carta recibida el d\u00eda 01 de junio de 2021, dirigida al obispo diocesano, Mons. \u00c1ngel Jos\u00e9 Mac\u00edn, con fecha del 11 de mayo de 2021, Prot. 262\/2016-82797, el Prefecto de la Congregaci\u00f3n para la Doctrina de la Fe y Moderador del Colegio para el Examen de los Recursos, S.E.R. Luis Francisco, Card. Ladaria Ferrer, ha comunicado que la apelaci\u00f3n al recurso presentado por N\u00e9stor Fabi\u00e1n Monz\u00f3n al decreto del 26 de octubre de 2020, Prot. N\u00b0 262\/2016 de ese Dicasterio, y despu\u00e9s de un atento estudio de la misma, ha sido rechazada, consider\u00e1ndola inadmisible. En consecuencia, confirmando la decisi\u00f3n expresada en dicho decreto, y habi\u00e9ndose agotado todas las instancias, se declara que la <strong>destituci\u00f3n del estado clerical de N\u00e9stor Fabi\u00e1n Monz\u00f3n es DEFINITIVA, para todos los efectos de la ley.<\/strong><\/p>\n<p style=\"text-align: justify;\">Por lo tanto, luego de haber recorrido todos los pasos previstos por el Derecho Can\u00f3nico en las causas llamadas de \u201cdelicta graviora\u201d, el Proceso Administrativo Penal, llevado a cabo en la di\u00f3cesis, con el seguimiento y orientaci\u00f3n permanentes de la Santa Sede, contra N\u00e9stor Fabi\u00e1n Monz\u00f3n, ha llegado a su finalizaci\u00f3n.<\/p>\n<p style=\"text-align: justify;\">La destituci\u00f3n del estado clerical supone la p\u00e9rdida de todos los derechos y las obligaciones inherentes al orden sacerdotal, sin perjuicio de lo prescripto en el can. 291. Tambi\u00e9n queda inhabilitado para ejercer el ministerio sacerdotal, quedando a salvo lo establecido en el can. 976 del C\u00f3digo de Derecho Can\u00f3nico.<\/p>\n<p style=\"text-align: justify;\">Despu\u00e9s de haber notificado a N\u00e9stor Fabi\u00e1n Monz\u00f3n, y a todas las partes concurrentes en este caso, se proceder\u00e1 a remitir la documentaci\u00f3n pertinente a la Congregaci\u00f3n para la Doctrina de la Fe y a archivar la causa.<\/p>\n<p style=\"text-align: right;\">Oficina de Prensa Obispado de Reconquista<\/p>\n","protected":false},"excerpt":{"rendered":"<div class=\"mh-excerpt\"><p>Reconquista, 1 de julio de 2021. A los cristianos de la Di\u00f3cesis de Reconquista, y a la Comunidad en General: Mediante una carta recibida el <a class=\"mh-excerpt-more\" href=\"https:\/\/www.obispadorqta.org.ar\/v3\/comunicado-de-prensa-4\/\" title=\"Comunicado de Prensa\">[&#8230;]<\/a><\/p>\n<\/div>","protected":false},"author":2,"featured_media":5146,"comment_status":"closed","ping_status":"open","sticky":false,"template":"","format":"standard","meta":{"footnotes":""},"categories":[6,28],"tags":[],"class_list":["post-6673","post","type-post","status-publish","format-standard","has-post-thumbnail","hentry","category-news","category-latest-news"],"_links":{"self":[{"href":"https:\/\/www.obispadorqta.org.ar\/v3\/wp-json\/wp\/v2\/posts\/6673","targetHints":{"allow":["GET"]}}],"collection":[{"href":"https:\/\/www.obispadorqta.org.ar\/v3\/wp-json\/wp\/v2\/posts"}],"about":[{"href":"https:\/\/www.obispadorqta.org.ar\/v3\/wp-json\/wp\/v2\/types\/post"}],"author":[{"embeddable":true,"href":"https:\/\/www.obispadorqta.org.ar\/v3\/wp-json\/wp\/v2\/users\/2"}],"replies":[{"embeddable":true,"href":"https:\/\/www.obispadorqta.org.ar\/v3\/wp-json\/wp\/v2\/comments?post=6673"}],"version-history":[{"count":6,"href":"https:\/\/www.obispadorqta.org.ar\/v3\/wp-json\/wp\/v2\/posts\/6673\/revisions"}],"predecessor-version":[{"id":6679,"href":"https:\/\/www.obispadorqta.org.ar\/v3\/wp-json\/wp\/v2\/posts\/6673\/revisions\/6679"}],"wp:featuredmedia":[{"embeddable":true,"href":"https:\/\/www.obispadorqta.org.ar\/v3\/wp-json\/wp\/v2\/media\/5146"}],"wp:attachment":[{"href":"https:\/\/www.obispadorqta.org.ar\/v3\/wp-json\/wp\/v2\/media?parent=6673"}],"wp:term":[{"taxonomy":"category","embeddable":true,"href":"https:\/\/www.obispadorqta.org.ar\/v3\/wp-json\/wp\/v2\/categories?post=6673"},{"taxonomy":"post_tag","embeddable":true,"href":"https:\/\/www.obispadorqta.org.ar\/v3\/wp-json\/wp\/v2\/tags?post=6673"}],"curies":[{"name":"wp","href":"https:\/\/api.w.org\/{rel}","templated":true}]}}