{"id":6681,"date":"2021-07-05T09:12:32","date_gmt":"2021-07-05T12:12:32","guid":{"rendered":"http:\/\/www.obispadorqta.org.ar\/v3\/?p=6681"},"modified":"2021-07-05T09:12:52","modified_gmt":"2021-07-05T12:12:52","slug":"celebracion-de-admisiones","status":"publish","type":"post","link":"https:\/\/www.obispadorqta.org.ar\/v3\/celebracion-de-admisiones\/","title":{"rendered":"Celebracion de admisiones"},"content":{"rendered":"<div dir=\"auto\">\n<div dir=\"auto\" style=\"text-align: justify;\">En la tarde de ayer domingo 4 de julio de 2021, en la capilla principal del Seminario La Encarnaci\u00f3n se llev\u00f3 a cabo la admisi\u00f3n de los seminaristas Federico Muchiut (Pquia. Mar\u00eda Madre de Dios, Reconquista), Gast\u00f3n S\u00e1ncho (Pquia. San Juan Bautista, Vera) y N\u00e9stor Mart\u00ednez (Pquia. Inmaculada Concepci\u00f3n, Reconquista)., como candidatos al orden sagrado.<\/div>\n<div dir=\"auto\" style=\"text-align: justify;\"><\/div>\n<div dir=\"auto\" style=\"text-align: justify;\">La misma fue muy emotiva y participaron, adem\u00e1s del obispo, algunos sacerdotes de la di\u00f3cesis, las familias de los admitidos, los formadores y los seminaristas de todas las di\u00f3cesis que conforman el seminario.<\/div>\n<div dir=\"auto\"><img loading=\"lazy\" decoding=\"async\" class=\"aligncenter size-full wp-image-6683\" src=\"https:\/\/www.obispadorqta.org.ar\/v3\/wp-content\/uploads\/2021\/07\/IMG-20210704-WA0004.jpg\" alt=\"\" width=\"1280\" height=\"853\" srcset=\"https:\/\/www.obispadorqta.org.ar\/v3\/wp-content\/uploads\/2021\/07\/IMG-20210704-WA0004.jpg 1280w, https:\/\/www.obispadorqta.org.ar\/v3\/wp-content\/uploads\/2021\/07\/IMG-20210704-WA0004-300x200.jpg 300w, https:\/\/www.obispadorqta.org.ar\/v3\/wp-content\/uploads\/2021\/07\/IMG-20210704-WA0004-1024x682.jpg 1024w, https:\/\/www.obispadorqta.org.ar\/v3\/wp-content\/uploads\/2021\/07\/IMG-20210704-WA0004-768x512.jpg 768w\" sizes=\"auto, (max-width: 1280px) 100vw, 1280px\" \/><\/div>\n<div dir=\"auto\" style=\"text-align: justify;\"><\/div>\n<div dir=\"auto\" style=\"text-align: justify;\">En su homil\u00eda, Mons. Mac\u00edn alent\u00f3 a seguir este camino formativo en comuni\u00f3n, y les sugiri\u00f3 a todos los muchachos a no olvidarse de sus or\u00edgenes y a reconocer su debilidad para, de esta forma, confiar en la gracia.<\/div>\n<\/div>\n<div dir=\"auto\" style=\"text-align: justify;\"><img loading=\"lazy\" decoding=\"async\" class=\"aligncenter size-full wp-image-6684\" src=\"https:\/\/www.obispadorqta.org.ar\/v3\/wp-content\/uploads\/2021\/07\/IMG-20210704-WA0005.jpg\" alt=\"\" width=\"1280\" height=\"853\" srcset=\"https:\/\/www.obispadorqta.org.ar\/v3\/wp-content\/uploads\/2021\/07\/IMG-20210704-WA0005.jpg 1280w, https:\/\/www.obispadorqta.org.ar\/v3\/wp-content\/uploads\/2021\/07\/IMG-20210704-WA0005-300x200.jpg 300w, https:\/\/www.obispadorqta.org.ar\/v3\/wp-content\/uploads\/2021\/07\/IMG-20210704-WA0005-1024x682.jpg 1024w, https:\/\/www.obispadorqta.org.ar\/v3\/wp-content\/uploads\/2021\/07\/IMG-20210704-WA0005-768x512.jpg 768w\" sizes=\"auto, (max-width: 1280px) 100vw, 1280px\" \/><\/div>\n<div dir=\"auto\"><\/div>\n<div dir=\"auto\">\n<div dir=\"auto\" style=\"text-align: justify;\">Al final, el P. Taibo, rector del seminario como dijo unas palabras y ley\u00f3 algunos saludos. Tambi\u00e9n hablaron quienes fueron admitidos.<\/div>\n<div dir=\"auto\" style=\"text-align: justify;\">Roguemos a Dios para que lleve a termino la obra que ha comenzado en ellos.<\/div>\n<\/div>\n","protected":false},"excerpt":{"rendered":"<div class=\"mh-excerpt\"><p>En la tarde de ayer domingo 4 de julio de 2021, en la capilla principal del Seminario La Encarnaci\u00f3n se llev\u00f3 a cabo la admisi\u00f3n <a class=\"mh-excerpt-more\" href=\"https:\/\/www.obispadorqta.org.ar\/v3\/celebracion-de-admisiones\/\" title=\"Celebracion de admisiones\">[&#8230;]<\/a><\/p>\n<\/div>","protected":false},"author":2,"featured_media":6682,"comment_status":"closed","ping_status":"open","sticky":false,"template":"","format":"standard","meta":{"footnotes":""},"categories":[6,28],"tags":[],"class_list":["post-6681","post","type-post","status-publish","format-standard","has-post-thumbnail","hentry","category-news","category-latest-news"],"_links":{"self":[{"href":"https:\/\/www.obispadorqta.org.ar\/v3\/wp-json\/wp\/v2\/posts\/6681","targetHints":{"allow":["GET"]}}],"collection":[{"href":"https:\/\/www.obispadorqta.org.ar\/v3\/wp-json\/wp\/v2\/posts"}],"about":[{"href":"https:\/\/www.obispadorqta.org.ar\/v3\/wp-json\/wp\/v2\/types\/post"}],"author":[{"embeddable":true,"href":"https:\/\/www.obispadorqta.org.ar\/v3\/wp-json\/wp\/v2\/users\/2"}],"replies":[{"embeddable":true,"href":"https:\/\/www.obispadorqta.org.ar\/v3\/wp-json\/wp\/v2\/comments?post=6681"}],"version-history":[{"count":1,"href":"https:\/\/www.obispadorqta.org.ar\/v3\/wp-json\/wp\/v2\/posts\/6681\/revisions"}],"predecessor-version":[{"id":6685,"href":"https:\/\/www.obispadorqta.org.ar\/v3\/wp-json\/wp\/v2\/posts\/6681\/revisions\/6685"}],"wp:featuredmedia":[{"embeddable":true,"href":"https:\/\/www.obispadorqta.org.ar\/v3\/wp-json\/wp\/v2\/media\/6682"}],"wp:attachment":[{"href":"https:\/\/www.obispadorqta.org.ar\/v3\/wp-json\/wp\/v2\/media?parent=6681"}],"wp:term":[{"taxonomy":"category","embeddable":true,"href":"https:\/\/www.obispadorqta.org.ar\/v3\/wp-json\/wp\/v2\/categories?post=6681"},{"taxonomy":"post_tag","embeddable":true,"href":"https:\/\/www.obispadorqta.org.ar\/v3\/wp-json\/wp\/v2\/tags?post=6681"}],"curies":[{"name":"wp","href":"https:\/\/api.w.org\/{rel}","templated":true}]}}