{"id":6686,"date":"2021-07-05T11:04:59","date_gmt":"2021-07-05T14:04:59","guid":{"rendered":"http:\/\/www.obispadorqta.org.ar\/v3\/?p=6686"},"modified":"2021-07-05T11:05:10","modified_gmt":"2021-07-05T14:05:10","slug":"encuentro-de-presbiterio-10","status":"publish","type":"post","link":"https:\/\/www.obispadorqta.org.ar\/v3\/encuentro-de-presbiterio-10\/","title":{"rendered":"ENCUENTRO DE PRESBITERIO"},"content":{"rendered":"<p style=\"text-align: justify;\">El martes 06 y mi\u00e9rcoles 07 de julio tendr\u00e1 lugar el segundo encuentro de presbiterio del a\u00f1o, que debido a la situaci\u00f3n pand\u00e9mica se har\u00e1 en formato digital, usando las dos ma\u00f1anas de los d\u00edas mencionados entre las 9:00 y las 12:00.<\/p>\n<p style=\"text-align: justify;\">El primer d\u00eda estar\u00e1 destinado a la formaci\u00f3n. El tema que trataremos ser\u00e1 los \u201cNuevos escenarios culturales y desaf\u00edos pastorales en la cultura digital\u201d. Nos acompa\u00f1ar\u00e1 en la reflexi\u00f3n el Padre Facundo Fern\u00e1ndez Buils, de la Arquidi\u00f3cesis de Buenos Aires.<\/p>\n<p style=\"text-align: justify;\">En el segundo d\u00eda de encuentro, compartiremos informaciones sacerdotales, ordenaciones sacerdotal y diaconales, admisiones a las sagradas \u00f3rdenes de algunos seminaristas, adem\u00e1s los temas referidos a la instituci\u00f3n del ministerio del catequista, del lectorado y acolitado abiertos a las mujeres y, sobre la Asamblea Eclesial Latinoamericana, lanzada d\u00edas atr\u00e1s en nuestra di\u00f3cesis.<\/p>\n","protected":false},"excerpt":{"rendered":"<div class=\"mh-excerpt\"><p>El martes 06 y mi\u00e9rcoles 07 de julio tendr\u00e1 lugar el segundo encuentro de presbiterio del a\u00f1o, que debido a la situaci\u00f3n pand\u00e9mica se har\u00e1 <a class=\"mh-excerpt-more\" href=\"https:\/\/www.obispadorqta.org.ar\/v3\/encuentro-de-presbiterio-10\/\" title=\"ENCUENTRO DE PRESBITERIO\">[&#8230;]<\/a><\/p>\n<\/div>","protected":false},"author":2,"featured_media":4431,"comment_status":"closed","ping_status":"open","sticky":false,"template":"","format":"standard","meta":{"footnotes":""},"categories":[6,28],"tags":[],"class_list":["post-6686","post","type-post","status-publish","format-standard","has-post-thumbnail","hentry","category-news","category-latest-news"],"_links":{"self":[{"href":"https:\/\/www.obispadorqta.org.ar\/v3\/wp-json\/wp\/v2\/posts\/6686","targetHints":{"allow":["GET"]}}],"collection":[{"href":"https:\/\/www.obispadorqta.org.ar\/v3\/wp-json\/wp\/v2\/posts"}],"about":[{"href":"https:\/\/www.obispadorqta.org.ar\/v3\/wp-json\/wp\/v2\/types\/post"}],"author":[{"embeddable":true,"href":"https:\/\/www.obispadorqta.org.ar\/v3\/wp-json\/wp\/v2\/users\/2"}],"replies":[{"embeddable":true,"href":"https:\/\/www.obispadorqta.org.ar\/v3\/wp-json\/wp\/v2\/comments?post=6686"}],"version-history":[{"count":1,"href":"https:\/\/www.obispadorqta.org.ar\/v3\/wp-json\/wp\/v2\/posts\/6686\/revisions"}],"predecessor-version":[{"id":6687,"href":"https:\/\/www.obispadorqta.org.ar\/v3\/wp-json\/wp\/v2\/posts\/6686\/revisions\/6687"}],"wp:featuredmedia":[{"embeddable":true,"href":"https:\/\/www.obispadorqta.org.ar\/v3\/wp-json\/wp\/v2\/media\/4431"}],"wp:attachment":[{"href":"https:\/\/www.obispadorqta.org.ar\/v3\/wp-json\/wp\/v2\/media?parent=6686"}],"wp:term":[{"taxonomy":"category","embeddable":true,"href":"https:\/\/www.obispadorqta.org.ar\/v3\/wp-json\/wp\/v2\/categories?post=6686"},{"taxonomy":"post_tag","embeddable":true,"href":"https:\/\/www.obispadorqta.org.ar\/v3\/wp-json\/wp\/v2\/tags?post=6686"}],"curies":[{"name":"wp","href":"https:\/\/api.w.org\/{rel}","templated":true}]}}