{"id":6688,"date":"2021-07-08T10:24:26","date_gmt":"2021-07-08T13:24:26","guid":{"rendered":"http:\/\/www.obispadorqta.org.ar\/v3\/?p=6688"},"modified":"2021-07-08T10:24:36","modified_gmt":"2021-07-08T13:24:36","slug":"oracion-por-la-patria","status":"publish","type":"post","link":"https:\/\/www.obispadorqta.org.ar\/v3\/oracion-por-la-patria\/","title":{"rendered":"ORACI\u00d3N POR LA PATRIA"},"content":{"rendered":"<p style=\"text-align: justify;\">Al celebrar el 205\u00b0 aniversario de la Independencia, nos dirigimos a nuestra patrona, la Virgen de Luj\u00e1n rezando la oraci\u00f3n por la Patria, especialmente por quienes est\u00e1n sufriendo, y le pedimos a Mar\u00eda que ilumine a nuestros gobernantes:<\/p>\n\n\n<p class=\"has-medium-font-size\"><strong>ORACI\u00d3N POR LA PATRIA<\/strong><\/p>\n\n\n\n<p class=\"has-medium-font-size\">Jesucristo, Se\u00f1or de la historia, te necesitamos. <br>\nNos sentimos heridos y agobiados. <br>\nPrecisamos tu alivio y fortaleza. <br>\nQueremos ser naci\u00f3n, una naci\u00f3n cuya identidad<br>\nsea la pasi\u00f3n por la verdad y el compromiso por el bien com\u00fan. <br>\nDanos la valent\u00eda de la libertad de los hijos de Dios <br>\npara amar a todos sin excluir a nadie, privilegiando a los pobres<br>\ny perdonando a los que nos ofenden, aborreciendo el odio y construyendo la paz. <br>\nConc\u00e9denos la sabidur\u00eda del di\u00e1logo y la alegr\u00eda de la esperanza que no defrauda.<br>\nT\u00fa nos convocas. Aqu\u00ed estamos, Se\u00f1or, <br>\ncercanos a Mar\u00eda, que desde Luj\u00e1n nos dice: <br>\n\u00a1Argentina! \u00a1Canta y camina! <br>\nJesucristo, Se\u00f1or de la historia, te necesitamos.<\/p>\n\n\n\n<p class=\"has-medium-font-size\"><strong>Am\u00e9n.<\/strong><\/p>\n","protected":false},"excerpt":{"rendered":"<div class=\"mh-excerpt\"><p>Al celebrar el 205\u00b0 aniversario de la Independencia, nos dirigimos a nuestra patrona, la Virgen de Luj\u00e1n rezando la oraci\u00f3n por la Patria, especialmente por <a class=\"mh-excerpt-more\" href=\"https:\/\/www.obispadorqta.org.ar\/v3\/oracion-por-la-patria\/\" title=\"ORACI\u00d3N POR LA PATRIA\">[&#8230;]<\/a><\/p>\n<\/div>","protected":false},"author":2,"featured_media":6692,"comment_status":"closed","ping_status":"open","sticky":false,"template":"","format":"standard","meta":{"footnotes":""},"categories":[6,28],"tags":[],"class_list":["post-6688","post","type-post","status-publish","format-standard","has-post-thumbnail","hentry","category-news","category-latest-news"],"_links":{"self":[{"href":"https:\/\/www.obispadorqta.org.ar\/v3\/wp-json\/wp\/v2\/posts\/6688","targetHints":{"allow":["GET"]}}],"collection":[{"href":"https:\/\/www.obispadorqta.org.ar\/v3\/wp-json\/wp\/v2\/posts"}],"about":[{"href":"https:\/\/www.obispadorqta.org.ar\/v3\/wp-json\/wp\/v2\/types\/post"}],"author":[{"embeddable":true,"href":"https:\/\/www.obispadorqta.org.ar\/v3\/wp-json\/wp\/v2\/users\/2"}],"replies":[{"embeddable":true,"href":"https:\/\/www.obispadorqta.org.ar\/v3\/wp-json\/wp\/v2\/comments?post=6688"}],"version-history":[{"count":4,"href":"https:\/\/www.obispadorqta.org.ar\/v3\/wp-json\/wp\/v2\/posts\/6688\/revisions"}],"predecessor-version":[{"id":6693,"href":"https:\/\/www.obispadorqta.org.ar\/v3\/wp-json\/wp\/v2\/posts\/6688\/revisions\/6693"}],"wp:featuredmedia":[{"embeddable":true,"href":"https:\/\/www.obispadorqta.org.ar\/v3\/wp-json\/wp\/v2\/media\/6692"}],"wp:attachment":[{"href":"https:\/\/www.obispadorqta.org.ar\/v3\/wp-json\/wp\/v2\/media?parent=6688"}],"wp:term":[{"taxonomy":"category","embeddable":true,"href":"https:\/\/www.obispadorqta.org.ar\/v3\/wp-json\/wp\/v2\/categories?post=6688"},{"taxonomy":"post_tag","embeddable":true,"href":"https:\/\/www.obispadorqta.org.ar\/v3\/wp-json\/wp\/v2\/tags?post=6688"}],"curies":[{"name":"wp","href":"https:\/\/api.w.org\/{rel}","templated":true}]}}